{"id":374132,"date":"2025-09-08T00:49:10","date_gmt":"2025-09-08T00:49:10","guid":{"rendered":"https:\/\/www.europesays.com\/fr\/374132\/"},"modified":"2025-09-08T00:49:10","modified_gmt":"2025-09-08T00:49:10","slug":"max-verstappen-interesse-par-le-motogp","status":"publish","type":"post","link":"https:\/\/www.europesays.com\/fr\/374132\/","title":{"rendered":"Max Verstappen int\u00e9ress\u00e9 par le MotoGP ?"},"content":{"rendered":"<p style=\"text-align: justify;\"><strong>Alors que <a href=\"https:\/\/franceracing.fr\/driver\/max-verstappen\" target=\"_blank\" rel=\"noopener\">Max Verstappen<\/a> a remport\u00e9 le Grand Prix d&rsquo;Italie \u00e0 Monza, une rumeur dans le paddock de Barcelone, o\u00f9 se trouvait le MotoGP, a \u00e9t\u00e9 rapport\u00e9e par SkySports Italia.\u00a0<\/strong><\/p>\n<p style=\"text-align: justify;\">Apr\u00e8s G\u00fcnther Steiner, qui va r<a href=\"https:\/\/franceracing.fr\/moto-gp\/le-rachat-de-lequipe-tech3-est-officialise\/\" target=\"_blank\" rel=\"noopener\">eprendre Tech3 KTM en 2026 \u00e0 l&rsquo;aide d&rsquo;un consortium<\/a>, <a href=\"https:\/\/franceracing.fr\/driver\/max-verstappen\" target=\"_blank\" rel=\"noopener\">Max Verstappen<\/a> aurait sond\u00e9 le MotoGP pour devenir le propri\u00e9taire d&rsquo;une \u00e9quipe. Selon le m\u00e9dia italien, par l&rsquo;interm\u00e9diaire de son entourage et de son p\u00e8re Jos Verstappen, il aurait \u00e9t\u00e9 voir Honda et Aprilia pour sonder indirectement la volont\u00e9 de leurs \u00e9quipes satellites respectives, LCR et Trackhouse, de vendre l&rsquo;enti\u00e8ret\u00e9 de leurs parts. Aucune des deux structures ne serait \u00e0 vendre, ce qui va obliger <a href=\"https:\/\/franceracing.fr\/driver\/max-verstappen\" target=\"_blank\" rel=\"noopener\">Max Verstappen<\/a> \u00e0 attendre une opportunit\u00e9 pour devenir propri\u00e9taire d&rsquo;une \u00e9quipe MotoGP.<\/p>\n<p style=\"text-align: justify;\">Cet int\u00e9r\u00eat rappelle celui de <a href=\"https:\/\/franceracing.fr\/driver\/lewis-hamilton\" target=\"_blank\" rel=\"noopener\">Lewis Hamilton<\/a> il y a quelques ann\u00e9es pour l&rsquo;\u00e9quipe Gresini Ducati. La rumeur dit que le pilote britannique aurait propos\u00e9 une somme proche des 10 millions d&rsquo;euros, loin de la possible valeur d&rsquo;une \u00e9quipe de la cat\u00e9gorie reine.<\/p>\n<p>Le clan Verstappen r\u00e9pond \u00e0 la rumeur<\/p>\n<p style=\"text-align: justify;\">A Monza, o\u00f9 <a href=\"https:\/\/franceracing.fr\/driver\/max-verstappen\" target=\"_blank\" rel=\"noopener\">Max Verstappen<\/a> a sign\u00e9 <a href=\"https:\/\/franceracing.fr\/f1\/italie-qualifs-verstappen-en-pole-avec-le-record-du-circuit\/\" target=\"_blank\" rel=\"noopener\">la pole position<\/a> et s&rsquo;est impos\u00e9 \u00e0 l&rsquo;occasion du <a href=\"https:\/\/franceracing.fr\/f1\/grand-prix-ditalie-imperturbable-verstappen\/\" target=\"_blank\" rel=\"noopener\">Grand Prix d&rsquo;Italie<\/a>, le clan du pilote n\u00e9erlandais s&rsquo;est exprim\u00e9 sur le sujet.<\/p>\n<blockquote>\n<p style=\"text-align: justify;\">\u00ab\u00a0Ce n&rsquo;est un secret pour personne qu&rsquo;il s&rsquo;int\u00e9resse au MotoGP, mais reprendre une \u00e9quipe n&rsquo;est pas r\u00e9aliste pour le moment. Tout doit \u00eatre parfait\u00a0\u00bb, explique Raymond Vermeulen, manager du pilote, au Telegraaf.<\/p>\n<\/blockquote>\n<p style=\"text-align: justify;\">Une \u00e9quipe MotoGP semble \u00eatre valoris\u00e9e aux alentours de 20 millions d&rsquo;euros. L&rsquo;arriv\u00e9e de Liberty Media \u00e0 la t\u00eate de la discipline pourrait favoriser une valorisation \u00e0 la hausse. En F1, la valorisation des \u00e9quipes a doubl\u00e9 en l&rsquo;espace de quatre ans, passant de 500 \u00e0 600 millions d&rsquo;euros \u00e0 d&rsquo;un milliard d&rsquo;euros aujourd&rsquo;hui. Rappelons \u00e9galement que la cat\u00e9gorie reine changera de <a href=\"https:\/\/franceracing.fr\/moto-gp\/le-motogp-devoile-les-machines-de-2027\/\" target=\"_blank\" rel=\"noopener\">r\u00e9glementation en 2027<\/a> et aura un nouveau manufacturier, qui sera <a href=\"https:\/\/franceracing.fr\/moto-gp\/pirelli-remplace-michelin-en-motogp-des-2027\/\" target=\"_blank\" rel=\"noopener\">Pirelli<\/a>, qui \u00e9quipe d\u00e9j\u00e0 le Moto2 et le Moto3 mais aussi la F1, la FIA F2 et la FIA F3.<\/p>\n","protected":false},"excerpt":{"rendered":"Alors que Max Verstappen a remport\u00e9 le Grand Prix d&rsquo;Italie \u00e0 Monza, une rumeur dans le paddock de&hellip;\n","protected":false},"author":2,"featured_media":374133,"comment_status":"","ping_status":"","sticky":false,"template":"","format":"standard","meta":{"footnotes":""},"categories":[1413],"tags":[1011,27,1457,1456,60],"class_list":{"0":"post-374132","1":"post","2":"type-post","3":"status-publish","4":"format-standard","5":"has-post-thumbnail","7":"category-moto","8":"tag-fr","9":"tag-france","10":"tag-moto","11":"tag-motocycle","12":"tag-sports"},"share_on_mastodon":{"url":"https:\/\/pubeurope.com\/@fr\/115165931954354093","error":""},"_links":{"self":[{"href":"https:\/\/www.europesays.com\/fr\/wp-json\/wp\/v2\/posts\/374132","targetHints":{"allow":["GET"]}}],"collection":[{"href":"https:\/\/www.europesays.com\/fr\/wp-json\/wp\/v2\/posts"}],"about":[{"href":"https:\/\/www.europesays.com\/fr\/wp-json\/wp\/v2\/types\/post"}],"author":[{"embeddable":true,"href":"https:\/\/www.europesays.com\/fr\/wp-json\/wp\/v2\/users\/2"}],"replies":[{"embeddable":true,"href":"https:\/\/www.europesays.com\/fr\/wp-json\/wp\/v2\/comments?post=374132"}],"version-history":[{"count":0,"href":"https:\/\/www.europesays.com\/fr\/wp-json\/wp\/v2\/posts\/374132\/revisions"}],"wp:featuredmedia":[{"embeddable":true,"href":"https:\/\/www.europesays.com\/fr\/wp-json\/wp\/v2\/media\/374133"}],"wp:attachment":[{"href":"https:\/\/www.europesays.com\/fr\/wp-json\/wp\/v2\/media?parent=374132"}],"wp:term":[{"taxonomy":"category","embeddable":true,"href":"https:\/\/www.europesays.com\/fr\/wp-json\/wp\/v2\/categories?post=374132"},{"taxonomy":"post_tag","embeddable":true,"href":"https:\/\/www.europesays.com\/fr\/wp-json\/wp\/v2\/tags?post=374132"}],"curies":[{"name":"wp","href":"https:\/\/api.w.org\/{rel}","templated":true}]}}