{"id":374138,"date":"2025-09-08T00:52:10","date_gmt":"2025-09-08T00:52:10","guid":{"rendered":"https:\/\/www.europesays.com\/fr\/374138\/"},"modified":"2025-09-08T00:52:10","modified_gmt":"2025-09-08T00:52:10","slug":"mercato-psg-le-barca-lorgne-un-joker-de-luis-enrique","status":"publish","type":"post","link":"https:\/\/www.europesays.com\/fr\/374138\/","title":{"rendered":"Mercato PSG, le Bar\u00e7a lorgne un joker de Luis Enrique"},"content":{"rendered":"<p data-testid=\"article-teaser\">Alors le mercato estival a d\u00e9j\u00e0 ferm\u00e9 ses portes en France et en Espagne, le Bar\u00e7a songe \u00e0 recruter un joker de Luis Enrique au PSG.<\/p>\n<p>Le mercato estival 2025 a tout juste referm\u00e9 ses portes que certains clubs europ\u00e9ens se projettent d\u00e9j\u00e0 sur 2026. Parmi eux, le FC Barcelone, en qu\u00eate d\u2019anticipation, pr\u00e9pare activement son futur. Confront\u00e9s \u00e0 une situation \u00e9conomique toujours fragile et \u00e0 un effectif en mutation, les Blaugranas doivent revoir leurs priorit\u00e9s. La d\u00e9fense centrale, affaiblie par un d\u00e9part inattendu et plusieurs contrats en fin de course, figure d\u00e9sormais au c\u0153ur des pr\u00e9occupations catalanes. Et le Bar\u00e7a semble avoir trouv\u00e9 une solution au\u2026Paris Saint-Germain.<\/p>\n","protected":false},"excerpt":{"rendered":"Alors le mercato estival a d\u00e9j\u00e0 ferm\u00e9 ses portes en France et en Espagne, le Bar\u00e7a songe \u00e0&hellip;\n","protected":false},"author":2,"featured_media":374139,"comment_status":"","ping_status":"","sticky":false,"template":"","format":"standard","meta":{"footnotes":""},"categories":[1410],"tags":[34081,5695,15008,63,1011,27,16413,17509,19317,4253,66,921,91,50429,60,42064],"class_list":{"0":"post-374138","1":"post","2":"type-post","3":"status-publish","4":"format-standard","5":"has-post-thumbnail","7":"category-football","8":"tag-barcelona","9":"tag-fc-barcelone","10":"tag-fc-valence","11":"tag-football","12":"tag-fr","13":"tag-france","14":"tag-i-martinez","15":"tag-l-beraldo","16":"tag-laliga","17":"tag-lens","18":"tag-ligue-1","19":"tag-luis-enrique","20":"tag-paris-saint-germain","21":"tag-paris-saint-germain-vs-lens","22":"tag-sports","23":"tag-valencia"},"share_on_mastodon":{"url":"https:\/\/pubeurope.com\/@fr\/115165943882668348","error":""},"_links":{"self":[{"href":"https:\/\/www.europesays.com\/fr\/wp-json\/wp\/v2\/posts\/374138","targetHints":{"allow":["GET"]}}],"collection":[{"href":"https:\/\/www.europesays.com\/fr\/wp-json\/wp\/v2\/posts"}],"about":[{"href":"https:\/\/www.europesays.com\/fr\/wp-json\/wp\/v2\/types\/post"}],"author":[{"embeddable":true,"href":"https:\/\/www.europesays.com\/fr\/wp-json\/wp\/v2\/users\/2"}],"replies":[{"embeddable":true,"href":"https:\/\/www.europesays.com\/fr\/wp-json\/wp\/v2\/comments?post=374138"}],"version-history":[{"count":0,"href":"https:\/\/www.europesays.com\/fr\/wp-json\/wp\/v2\/posts\/374138\/revisions"}],"wp:featuredmedia":[{"embeddable":true,"href":"https:\/\/www.europesays.com\/fr\/wp-json\/wp\/v2\/media\/374139"}],"wp:attachment":[{"href":"https:\/\/www.europesays.com\/fr\/wp-json\/wp\/v2\/media?parent=374138"}],"wp:term":[{"taxonomy":"category","embeddable":true,"href":"https:\/\/www.europesays.com\/fr\/wp-json\/wp\/v2\/categories?post=374138"},{"taxonomy":"post_tag","embeddable":true,"href":"https:\/\/www.europesays.com\/fr\/wp-json\/wp\/v2\/tags?post=374138"}],"curies":[{"name":"wp","href":"https:\/\/api.w.org\/{rel}","templated":true}]}}