{"id":374152,"date":"2025-09-08T01:02:16","date_gmt":"2025-09-08T01:02:16","guid":{"rendered":"https:\/\/www.europesays.com\/fr\/374152\/"},"modified":"2025-09-08T01:02:16","modified_gmt":"2025-09-08T01:02:16","slug":"decouvrez-juliette-collet-la-ravissante-miss","status":"publish","type":"post","link":"https:\/\/www.europesays.com\/fr\/374152\/","title":{"rendered":"d\u00e9couvrez Juliette Collet, la ravissante Miss &#8230;"},"content":{"rendered":"<p>Depuis le 13 juin, les comit\u00e9s r\u00e9gionaux \u00e9lisent leurs <a class=\"qbe-widget\" href=\"https:\/\/www.telestar.fr\/actu_tv\/miss-france-2026-decouvrez-lea-chabrel-la-ravissante-miss-midi-pyrenees-1737325\" target=\"_blank\" rel=\"noopener noreferrer nofollow\">nouvelles reines de<br \/>\nbeaut\u00e9,<\/a> en vue de l\u2019\u00e9lection Miss France 2026. Chaque ann\u00e9e,<br \/>\ndes milliers de candidates s\u2019inscrivent, dans l\u2019espoir de <a class=\"qbe-widget\" href=\"https:\/\/www.telestar.fr\/actu_tv\/miss-france-cette-miss-sest-retrouvee-sdf-apres-son-regne-1725059\" target=\"_blank\" rel=\"noopener noreferrer nofollow\">d\u00e9crocher la couronne<br \/>\ntant esp\u00e9r\u00e9e<\/a>. Mais parmi elles, une seule voit son r\u00eave se<br \/>\nr\u00e9aliser.<\/p>\n<p>Devenir Miss r\u00e9gionale est d\u00e9j\u00e0 une grande victoire. Cela permet<br \/>\nde repr\u00e9senter sa r\u00e9gion au niveau national, le soir de l\u2019\u00e9lection,<br \/>\nmais aussi tout au long de l\u2019ann\u00e9e. Pendant un an, <strong>Juliette<br \/>\nCollet<\/strong> va ainsi d\u00e9fendre son \u00eele, la Nouvelle-Cal\u00e9donie.<br \/>\nEt elle a toutes les chances d<strong>e succ\u00e9der \u00e0 Ang\u00e9lique<br \/>\nAngarni-Filopon.<\/strong><\/p>\n<p>Miss Nouvelle-Cal\u00e9donie : Juliette Collet, une miss naturelle<br \/>\net passionn\u00e9e d\u2019escalade<\/p>\n<p>En 2024, l\u2019\u00e9lection Miss Nouvelle-Cal\u00e9donie n\u2019avait pas pu avoir<br \/>\nlieu en <a href=\"https:\/\/www.telestar.fr\/actu_tv\/miss_france\/miss-france-2025-cette-region-qui-va-manquer-a-lappel-pour-une-triste-raison-1679472\" rel=\"nofollow noopener\" target=\"_blank\"><br \/>\nraison des tensions politiques<\/a>. Deux ans apr\u00e8s son<br \/>\n\u00e9lection<a class=\"qbe-widget\" href=\"https:\/\/www.telestar.fr\/actu-tv\/miss-france\/miss-france-2024-coup-de-tonnerre-!-la-miss-nouvelle-caledonie-destituee-de-son-titre-quatre-jours-apres-son-sacre-837781\" target=\"_blank\" rel=\"noopener noreferrer nofollow\">, Emma Grousset a donc d\u00fb<br \/>\nremettre son titre.<\/a> Samedi 6 septembre, le comit\u00e9 a organis\u00e9<br \/>\nune <a href=\"https:\/\/www.telestar.fr\/actu_tv\/miss-france-2026-decouvrez-hervian-kamillat-la-ravissante-miss-mayotte-1736491\" rel=\"nofollow noopener\" target=\"_blank\"><br \/>\nsoir\u00e9e haute en couleur,<\/a> durant laquelle les huit candidates en<br \/>\nlice ont livr\u00e9 un show exceptionnel, \u00e0 l&rsquo;h\u00f4tel Le M\u00e9ridien de<br \/>\nNoum\u00e9a. Le th\u00e8me de la soir\u00e9e ? \u201cNatur\u2019elles\u201d. Et cela<br \/>\ncorrespond bien \u00e0 <strong>la nouvelle Miss Nouvelle-Cal\u00e9donie,<br \/>\nJuliette Collet.<\/strong><\/p>\n<p>En effet, comme on peut le voir sur son compte Instagram, la<br \/>\njeune femme de 22 ans appara\u00eet souvent sans maquillage, un grand<br \/>\nsourire aux l\u00e8vres, simple et naturelle. <strong>Dipl\u00f4m\u00e9e en<br \/>\nbiologie marine et gestion des risques naturels,<\/strong> elle est<br \/>\naussi <strong>passionn\u00e9e d\u2019escalade.<\/strong> Une passion qui lui a<br \/>\n\u00e9t\u00e9 transmise par son papa d\u00e8s son plus jeune \u00e2ge.<\/p>\n<p>Juliette Collet se pr\u00e9pare pour Miss<br \/>\nFrance 2026<\/p>\n<p>Du haut de ses 1,70 m, Juliette Collet entend bien d\u00e9fendre les<br \/>\ncouleurs de son \u00eele durant son r\u00e8gne. Comme on peut le voir sur les<br \/>\nphotos qu\u2019elle partage, elle adore la nature, et semble profiter<br \/>\ndes merveilleux paysages de ce territoire ultramarin. Alors qu\u2019elle<br \/>\npr\u00e9parait encore l\u2019\u00e9lection, elle avait post\u00e9 un message sur<br \/>\nInstagram, dans lequel elle expliquait \u00e0 ses abonn\u00e9s qu\u2019elle leur<br \/>\npartagerait les coulisses de l\u2019aventure : \u201c\u00c0 travers cette<br \/>\naventure, j\u2019aimerais faire de mes r\u00e9seaux un espace d\u2019\u00e9changes<br \/>\nbienveillants et de partage, toujours dans l\u2019humilit\u00e9 et le<br \/>\nrespect. En tant que m\u00e9tisse fi\u00e8re de ses origines, je souhaite<br \/>\nmettre en lumi\u00e8re la richesse et la diversit\u00e9 culturelle de notre<br \/>\npays. Je suis profond\u00e9ment reconnaissante d\u2019avoir cette opportunit\u00e9<br \/>\net impatiente de vivre cette exp\u00e9rience \u00e0 vos c\u00f4t\u00e9s.\u201d<\/p>\n<p>Dans quelques semaines, elle sera en direct sur TF1, aux c\u00f4t\u00e9s<br \/>\ndes <a href=\"https:\/\/www.telestar.fr\/actu_tv\/miss-france-2026-decouvrez-priya-padavatan-la-subjuguante-miss-reunion-1735717\" rel=\"nofollow noopener\" target=\"_blank\"><br \/>\nautres miss r\u00e9gionales.\u00a0<\/a><\/p>\n<p><strong>Retrouvez toutes les candidates \u00e0 Miss France 2026<br \/>\n<a href=\"https:\/\/www.telestar.fr\/actu_tv\/miss-france-2026-qui-sont-les-candidates-1728857\" rel=\"nofollow noopener\" target=\"_blank\"><br \/>\nici<\/a><\/strong><\/p>\n<p>Diaporama<br \/>\n<img decoding=\"async\" class=\"diapo_img img-responsive lazy-load\" loading=\"lazy\" src=\"https:\/\/www.europesays.com\/fr\/wp-content\/uploads\/2025\/09\/capture-decran-2025-09-07-a-12.25.06.png\"\/><\/p>\n<p>\u00a9 capture d&rsquo;\u00e9cran instagram<\/p>\n<p>1\/4 Juliette Collet, Miss<br \/>\nNouvelle-Cal\u00e9donie<\/p>\n<p>Juliette Colette a \u00e9t\u00e9 \u00e9lue le 6<br \/>\nseptembre<\/p>\n<p><img decoding=\"async\" class=\"diapo_img img-responsive lazy-load\" loading=\"lazy\" src=\"https:\/\/www.europesays.com\/fr\/wp-content\/uploads\/2025\/09\/capture-decran-2025-09-07-a-12.26.12.png\"\/><\/p>\n<p>capture d&rsquo;\u00e9cran instagram<\/p>\n<p>2\/4 Juliette Collet, Miss<br \/>\nNouvelle-Cal\u00e9donie<\/p>\n<p>Elle est fi\u00e8re de son \u00eele<\/p>\n<p><img decoding=\"async\" class=\"diapo_img img-responsive lazy-load\" loading=\"lazy\" src=\"https:\/\/www.europesays.com\/fr\/wp-content\/uploads\/2025\/09\/capture-decran-2025-09-07-a-12.26.58.png\"\/><\/p>\n<p>capture d&rsquo;\u00e9cran instagram<\/p>\n<p>3\/4 Juliette Collet, Miss<br \/>\nNouvelle-Cal\u00e9donie<\/p>\n<p>Juliette Collet est Miss Nouvelle-Cal\u00e9donie. A 23 ans, elle est<br \/>\ndipl\u00f4m\u00e9e en biologie marine<\/p>\n<p><img decoding=\"async\" class=\"diapo_img img-responsive lazy-load\" loading=\"lazy\" src=\"https:\/\/www.europesays.com\/fr\/wp-content\/uploads\/2025\/09\/capture-decran-2025-09-07-a-12.25.21.png\"\/><\/p>\n<p>capture d&rsquo;\u00e9cran instagram<\/p>\n<p>4\/4 Juliette Collet, Miss<br \/>\nNouvelle-Cal\u00e9donie<\/p>\n<p>Elle est aussi passion\u00e9e<br \/>\nd&rsquo;escalade<\/p>\n","protected":false},"excerpt":{"rendered":"Depuis le 13 juin, les comit\u00e9s r\u00e9gionaux \u00e9lisent leurs nouvelles reines de beaut\u00e9, en vue de l\u2019\u00e9lection Miss&hellip;\n","protected":false},"author":2,"featured_media":374153,"comment_status":"","ping_status":"","sticky":false,"template":"","format":"standard","meta":{"footnotes":""},"categories":[8],"tags":[58,59,1011,27,1638],"class_list":{"0":"post-374152","1":"post","2":"type-post","3":"status-publish","4":"format-standard","5":"has-post-thumbnail","7":"category-divertissement","8":"tag-divertissement","9":"tag-entertainment","10":"tag-fr","11":"tag-france","12":"tag-has_diapo"},"share_on_mastodon":{"url":"https:\/\/pubeurope.com\/@fr\/115165983409341260","error":""},"_links":{"self":[{"href":"https:\/\/www.europesays.com\/fr\/wp-json\/wp\/v2\/posts\/374152","targetHints":{"allow":["GET"]}}],"collection":[{"href":"https:\/\/www.europesays.com\/fr\/wp-json\/wp\/v2\/posts"}],"about":[{"href":"https:\/\/www.europesays.com\/fr\/wp-json\/wp\/v2\/types\/post"}],"author":[{"embeddable":true,"href":"https:\/\/www.europesays.com\/fr\/wp-json\/wp\/v2\/users\/2"}],"replies":[{"embeddable":true,"href":"https:\/\/www.europesays.com\/fr\/wp-json\/wp\/v2\/comments?post=374152"}],"version-history":[{"count":0,"href":"https:\/\/www.europesays.com\/fr\/wp-json\/wp\/v2\/posts\/374152\/revisions"}],"wp:featuredmedia":[{"embeddable":true,"href":"https:\/\/www.europesays.com\/fr\/wp-json\/wp\/v2\/media\/374153"}],"wp:attachment":[{"href":"https:\/\/www.europesays.com\/fr\/wp-json\/wp\/v2\/media?parent=374152"}],"wp:term":[{"taxonomy":"category","embeddable":true,"href":"https:\/\/www.europesays.com\/fr\/wp-json\/wp\/v2\/categories?post=374152"},{"taxonomy":"post_tag","embeddable":true,"href":"https:\/\/www.europesays.com\/fr\/wp-json\/wp\/v2\/tags?post=374152"}],"curies":[{"name":"wp","href":"https:\/\/api.w.org\/{rel}","templated":true}]}}