{"id":374156,"date":"2025-09-08T01:04:11","date_gmt":"2025-09-08T01:04:11","guid":{"rendered":"https:\/\/www.europesays.com\/fr\/374156\/"},"modified":"2025-09-08T01:04:11","modified_gmt":"2025-09-08T01:04:11","slug":"des-enseignes-mulliez-et-mousquetaires-sallient-dans-une-regie-publicitaire-pour-concurrencer-amazon","status":"publish","type":"post","link":"https:\/\/www.europesays.com\/fr\/374156\/","title":{"rendered":"Des enseignes Mulliez et Mousquetaires s\u2019allient dans une r\u00e9gie publicitaire pour concurrencer Amazon"},"content":{"rendered":"<p>L\u2019objectif est de cr\u00e9er un \u00ableader europ\u00e9en\u00bb du \u00abretail media\u00bb, activit\u00e9 consistant notamment \u00e0 afficher des liens sponsoris\u00e9s sur les sites d\u2019e-commerce.<\/p>\n<p class=\"fig-paragraph\">Des enseignes de la galaxie\u00a0<a href=\"https:\/\/www.lefigaro.fr\/tag\/mulliez\" target=\"_blank\" rel=\"sponsored noopener\" data-gtm-custom-categorie=\"navigation\" data-gtm-custom-action=\"crossclick\" data-gtm-custom-label=\"Contextuel\" data-gtm-event=\"customEventSPE\">Mulliez<\/a>, dont Auchan et\u00a0<a href=\"http:\/\/www.lefigaro.fr\/societes\/leroy-merlin-a-l-offensive-sur-les-prix-dans-un-marche-en-berne-20250507\" data-fig-type=\"Article\" data-gtm-custom-categorie=\"navigation\" data-gtm-custom-action=\"crossclick\" data-gtm-custom-label=\"Contextuel\" data-gtm-event=\"customEventSPE\" data-fig-domain=\"LEFIGARO\" target=\"_blank\" rel=\"noopener\">Leroy Merlin<\/a>, et du groupement Mousquetaires (Intermarch\u00e9, Bricomarch\u00e9&#8230;) lancent une r\u00e9gie publicitaire commune pour diversifier leurs revenus et concurrencer\u00a0<a href=\"http:\/\/www.lefigaro.fr\/societes\/amazon-estime-avoir-investi-5-milliards-d-euros-en-france-en-2024-20250905\" data-fig-type=\"NewsFlash\" data-gtm-custom-categorie=\"navigation\" data-gtm-custom-action=\"crossclick\" data-gtm-custom-label=\"Contextuel\" data-gtm-event=\"customEventSPE\" data-fig-domain=\"LEFIGARO\" target=\"_blank\" rel=\"noopener\">Amazon<\/a>, dans le sillage d&rsquo;une alliance hors norme pass\u00e9e l&rsquo;an dernier dans le domaine des achats.<\/p>\n<p class=\"fig-paragraph\">Cette structure, dont le nom n&rsquo;est pas d\u00e9cid\u00e9, sera \u00abcommercialement op\u00e9rationnelle\u00bb en janvier, ont annonc\u00e9 dimanche les int\u00e9ress\u00e9s. Elle d\u00e9coule du rapprochement de Valiuz, la r\u00e9gie des enseignes Mulliez, avec Infinity Advertising, celle du groupement Mousquetaires, entr\u00e9 pour l&rsquo;occasion au capital de Valiuz, pour un montant non pr\u00e9cis\u00e9.<\/p>\n<p>                                    <a class=\"fig-a11y-skip a11y-hidden\" href=\"#fig-a11y-skip-main-inarticle\"><br \/>\n        Passer la publicit\u00e9<br \/>\n    <\/a><\/p>\n<p>Un an apr\u00e8s la cr\u00e9ation d\u2019Aura Retail<\/p>\n<p class=\"fig-paragraph\">Cette nouvelle alliance, qui comptera 360 salari\u00e9s, survient un an apr\u00e8s la cr\u00e9ation d&rsquo;Aura Retail, la centrale d&rsquo;achats lanc\u00e9e par les distributeurs alimentaires Intermarch\u00e9, Auchan et Casino (Monoprix, Franprix).<\/p>\n<p class=\"fig-paragraph\">Objectif: cr\u00e9er un \u00ableader europ\u00e9en\u00bb du \u00abretail media\u00bb, activit\u00e9 consistant notamment \u00e0 afficher des liens sponsoris\u00e9s sur les sites d&rsquo;e-commerce, qui concentrera \u00ab27% de part de march\u00e9 sur le segment alimentaire\u00bb, selon le communiqu\u00e9 de Valiuz et des Mousquetaires.<\/p>\n<p class=\"fig-paragraph\">\u00abOn s&rsquo;est tr\u00e8s vite dit qu&rsquo;il fallait unir nos forces\u00bb pour \u00abne plus laisser ce march\u00e9\u00bb au g\u00e9ant am\u00e9ricain de l&rsquo;e-commerce Amazon, qui en d\u00e9tient \u00ab70%\u00bb, a expliqu\u00e9 \u00e0 l&rsquo;AFP Thierry Cotillard, le pr\u00e9sident des Mousquetaires. \u00abOn \u00e9tait convaincus qu&rsquo;il y avait un potentiel de dingue par la fusion de nos deux initiatives\u00bb, a abond\u00e9 Barth\u00e9l\u00e9my Guislain, le pr\u00e9sident du conseil de g\u00e9rance de l&rsquo;association familiale Mulliez (AFM).<\/p>\n<p>\u00abL\u2019ambition, c\u2019est rapidement des centaines de millions d\u2019euros\u00bb<\/p>\n<p class=\"fig-paragraph\">Concr\u00e8tement, les marques pourront b\u00e9n\u00e9ficier de campagnes cibl\u00e9es sur les sites, r\u00e9seaux sociaux et magasins d&rsquo;enseignes sp\u00e9cialis\u00e9es dans l&rsquo;alimentaire (Auchan, Intermarch\u00e9, Chronodrive), le bricolage (Leroy Merlin, Bricomarch\u00e9, Bricorama), le multim\u00e9dia et l&rsquo;\u00e9lectrom\u00e9nager (Boulanger, Electro D\u00e9p\u00f4t, etc.), le pr\u00eat-\u00e0-porter (Kiabi), \u00abmais aussi \u00e0 terme le sport (Decathlon)\u00bb, pour \u00ab10.000 points de vente\u00bb dans six pays (France, Belgique, Italie, Pologne, Espagne et Portugal), pr\u00e9cise le communiqu\u00e9.<\/p>\n<p class=\"fig-paragraph\">\u00abLa publicit\u00e9 en magasin, c&rsquo;est un grand diff\u00e9renciant pour nous par rapport \u00e0 Amazon\u00bb, souligne aupr\u00e8s de l&rsquo;AFP S\u00e9bastien Zecchini, directeur g\u00e9n\u00e9ral de Valiuz, selon qui le \u00abretail media\u00bb, march\u00e9 \u00aben croissance\u00bb, a repr\u00e9sent\u00e9 \u00abun milliard d&rsquo;euros en France en 2023\u00bb. \u00abL&rsquo;ambition, c&rsquo;est rapidement des centaines de millions d&rsquo;euros\u00bb de revenus pour la nouvelle r\u00e9gie, puis atteindre le \u00abmilliard\u00bb, selon Barth\u00e9l\u00e9my Guislain.<\/p>\n<p>                                    <a class=\"fig-a11y-skip a11y-hidden\" href=\"#fig-a11y-skip-main-inarticle_mtf\"><br \/>\n        Passer la publicit\u00e9<br \/>\n    <\/a><\/p>\n<p class=\"fig-paragraph\">\u00c0 noter, l&rsquo;alliance ne concerne pas les donn\u00e9es sur les comportements des consommateurs. Ainsi, celles qu&rsquo;Auchan et Leroy Merlin se partagent en partie via Valiuz, ne seront, pour l&rsquo;heure, pas crois\u00e9es avec celles des concurrents Intermarch\u00e9 et Bricomarch\u00e9, d&rsquo;apr\u00e8s M. Zecchini.<\/p>\n","protected":false},"excerpt":{"rendered":"L\u2019objectif est de cr\u00e9er un \u00ableader europ\u00e9en\u00bb du \u00abretail media\u00bb, activit\u00e9 consistant notamment \u00e0 afficher des liens sponsoris\u00e9s&hellip;\n","protected":false},"author":2,"featured_media":374157,"comment_status":"","ping_status":"","sticky":false,"template":"","format":"standard","meta":{"footnotes":""},"categories":[6],"tags":[4239,14474,35,33,34,1011,27],"class_list":{"0":"post-374156","1":"post","2":"type-post","3":"status-publish","4":"format-standard","5":"has-post-thumbnail","7":"category-economie","8":"tag-amazon","9":"tag-auchan","10":"tag-business","11":"tag-economie","12":"tag-economy","13":"tag-fr","14":"tag-france"},"share_on_mastodon":{"url":"https:\/\/pubeurope.com\/@fr\/115165990995997630","error":""},"_links":{"self":[{"href":"https:\/\/www.europesays.com\/fr\/wp-json\/wp\/v2\/posts\/374156","targetHints":{"allow":["GET"]}}],"collection":[{"href":"https:\/\/www.europesays.com\/fr\/wp-json\/wp\/v2\/posts"}],"about":[{"href":"https:\/\/www.europesays.com\/fr\/wp-json\/wp\/v2\/types\/post"}],"author":[{"embeddable":true,"href":"https:\/\/www.europesays.com\/fr\/wp-json\/wp\/v2\/users\/2"}],"replies":[{"embeddable":true,"href":"https:\/\/www.europesays.com\/fr\/wp-json\/wp\/v2\/comments?post=374156"}],"version-history":[{"count":0,"href":"https:\/\/www.europesays.com\/fr\/wp-json\/wp\/v2\/posts\/374156\/revisions"}],"wp:featuredmedia":[{"embeddable":true,"href":"https:\/\/www.europesays.com\/fr\/wp-json\/wp\/v2\/media\/374157"}],"wp:attachment":[{"href":"https:\/\/www.europesays.com\/fr\/wp-json\/wp\/v2\/media?parent=374156"}],"wp:term":[{"taxonomy":"category","embeddable":true,"href":"https:\/\/www.europesays.com\/fr\/wp-json\/wp\/v2\/categories?post=374156"},{"taxonomy":"post_tag","embeddable":true,"href":"https:\/\/www.europesays.com\/fr\/wp-json\/wp\/v2\/tags?post=374156"}],"curies":[{"name":"wp","href":"https:\/\/api.w.org\/{rel}","templated":true}]}}