{"id":374160,"date":"2025-09-08T01:06:10","date_gmt":"2025-09-08T01:06:10","guid":{"rendered":"https:\/\/www.europesays.com\/fr\/374160\/"},"modified":"2025-09-08T01:06:10","modified_gmt":"2025-09-08T01:06:10","slug":"un-spectateur-dune-fete-votive-meurt-percute-par-un-cheval-un-taureau-et-une-voiture","status":"publish","type":"post","link":"https:\/\/www.europesays.com\/fr\/374160\/","title":{"rendered":"Un spectateur d\u2019une f\u00eate votive meurt percut\u00e9 par un cheval, un taureau et une voiture"},"content":{"rendered":"<p>Triple impact. Un spectateur d\u2019une f\u00eate votive est mort dimanche apr\u00e8s-midi apr\u00e8s avoir \u00e9t\u00e9 renvers\u00e9 par un cheval puis <a href=\"https:\/\/www.20minutes.fr\/faits_divers\/faits-divers-toulouse\/4169745-20250827-haute-garonne-jeune-19-ans-grievement-blesse-apres-avoir-encorne-taureau-enclos\" class=\"c-link c-link--is-underlined\" rel=\"nofollow noopener\" target=\"_blank\">par un taureau<\/a> lors d\u2019un l\u00e2cher dans les rues d\u2019Aramon, un village du <a href=\"https:\/\/www.20minutes.fr\/societe\/gard\/\" class=\"c-link c-link--is-underlined\" rel=\"nofollow noopener\" target=\"_blank\">Gard<\/a>. Puis il a \u00e9t\u00e9 percut\u00e9 par un v\u00e9hicule.<\/p>\n<p>L\u2019accident a eu lieu lors de l\u2019abrivado, un l\u00e2cher de taureaux dans les rues de la commune, lors duquel les bovins sont encadr\u00e9s par des chevaux, des barri\u00e8res prot\u00e9geant les spectateurs, a pr\u00e9cis\u00e9 la <a href=\"https:\/\/www.20minutes.fr\/dossier\/gendarmerie\" class=\"c-link c-link--is-underlined\" rel=\"nofollow noopener\" target=\"_blank\">gendarmerie<\/a> aupr\u00e8s de l\u2019AFP, confirmant une information des m\u00e9dias locaux.<\/p>\n<p>La victime retrouv\u00e9e inanim\u00e9e<\/p>\n<p>\u00ab\u00a0Le spectateur, qui \u00e9tait sur un v\u00e9lo, a \u00e9t\u00e9 heurt\u00e9 par un cheval, puis par un taureau, ce qui l\u2019a fait tomber. Il a ensuite \u00e9t\u00e9 percut\u00e9, alors qu\u2019il se trouvait \u00e0 terre, par un 4&#215;4 qui suivait le cort\u00e8ge\u00a0\u00bb, a pr\u00e9cis\u00e9 la gendarmerie du Gard. La victime, un homme de 52 ans habitant le village, au sud d\u2019Avignon, retrouv\u00e9 inanim\u00e9 et gravement bless\u00e9 par les secours, est d\u00e9c\u00e9d\u00e9 sur place.<\/p>\n<\/p>\n<p>Une enqu\u00eate pour homicide involontaire a \u00e9t\u00e9 ouverte par le parquet de N\u00eemes, selon la m\u00eame source.<\/p>\n","protected":false},"excerpt":{"rendered":"Triple impact. Un spectateur d\u2019une f\u00eate votive est mort dimanche apr\u00e8s-midi apr\u00e8s avoir \u00e9t\u00e9 renvers\u00e9 par un cheval&hellip;\n","protected":false},"author":2,"featured_media":374161,"comment_status":"","ping_status":"","sticky":false,"template":"","format":"standard","meta":{"footnotes":""},"categories":[4],"tags":[119,47,11,12668,118,4768,1011,27,2679,2681,12,2680,25],"class_list":{"0":"post-374160","1":"post","2":"type-post","3":"status-publish","4":"format-standard","5":"has-post-thumbnail","7":"category-france","8":"tag-accident","9":"tag-actualite","10":"tag-actualites","11":"tag-cheval","12":"tag-faits-divers","13":"tag-fete","14":"tag-fr","15":"tag-france","16":"tag-gard","17":"tag-languedoc-roussillon","18":"tag-news","19":"tag-occitanie","20":"tag-republique-francaise"},"share_on_mastodon":{"url":"https:\/\/pubeurope.com\/@fr\/115165998847456059","error":""},"_links":{"self":[{"href":"https:\/\/www.europesays.com\/fr\/wp-json\/wp\/v2\/posts\/374160","targetHints":{"allow":["GET"]}}],"collection":[{"href":"https:\/\/www.europesays.com\/fr\/wp-json\/wp\/v2\/posts"}],"about":[{"href":"https:\/\/www.europesays.com\/fr\/wp-json\/wp\/v2\/types\/post"}],"author":[{"embeddable":true,"href":"https:\/\/www.europesays.com\/fr\/wp-json\/wp\/v2\/users\/2"}],"replies":[{"embeddable":true,"href":"https:\/\/www.europesays.com\/fr\/wp-json\/wp\/v2\/comments?post=374160"}],"version-history":[{"count":0,"href":"https:\/\/www.europesays.com\/fr\/wp-json\/wp\/v2\/posts\/374160\/revisions"}],"wp:featuredmedia":[{"embeddable":true,"href":"https:\/\/www.europesays.com\/fr\/wp-json\/wp\/v2\/media\/374161"}],"wp:attachment":[{"href":"https:\/\/www.europesays.com\/fr\/wp-json\/wp\/v2\/media?parent=374160"}],"wp:term":[{"taxonomy":"category","embeddable":true,"href":"https:\/\/www.europesays.com\/fr\/wp-json\/wp\/v2\/categories?post=374160"},{"taxonomy":"post_tag","embeddable":true,"href":"https:\/\/www.europesays.com\/fr\/wp-json\/wp\/v2\/tags?post=374160"}],"curies":[{"name":"wp","href":"https:\/\/api.w.org\/{rel}","templated":true}]}}