{"id":374168,"date":"2025-09-08T01:14:30","date_gmt":"2025-09-08T01:14:30","guid":{"rendered":"https:\/\/www.europesays.com\/fr\/374168\/"},"modified":"2025-09-08T01:14:30","modified_gmt":"2025-09-08T01:14:30","slug":"nimes-olympique-dans-la-douleur-une-victoire-fondatrice-pour-les-crocos","status":"publish","type":"post","link":"https:\/\/www.europesays.com\/fr\/374168\/","title":{"rendered":"N\u00ceMES OLYMPIQUE Dans la douleur, une victoire fondatrice pour les Crocos"},"content":{"rendered":"<p>Les Crocos vont-ils confirmer \u00e0 l&rsquo;ext\u00e9rieur apr\u00e8s le joli succ\u00e8s 3-0 face \u00e0 Fr\u00e9jus ?\u00a0<\/p>\n<p>Pour suivre la saison de N\u00eemes Olympique version 2025-2026 en N2, Objectif Gard vous propose de vivre tous les matchs en direct, comment\u00e9s et film\u00e9s.<\/p>\n<p>Ce samedi \u00e0 18 heures, nous vous invitons \u00e0 suivre la retransmission en direct vid\u00e9o et en int\u00e9gralit\u00e9 du match entre le Sporting Club Toulon\u00a0et N\u00eemes Olympique\u00a0comptant pour la 4e journ\u00e9e du championnat de National 2. Notre journaliste Corentin Corger sera pr\u00e9sent au stade de Bon Rencontre pour commenter ce match.\u00a0<\/p>\n<p>Pour nous suivre, connectez-vous sur notre page\u00a0<a href=\"https:\/\/www.youtube.com\/channel\/UC2ezfc64OTaeobrKC0ZT-2A\" rel=\"nofollow noopener\" target=\"_blank\">YouTube\u00a0Objectif Gard<\/a>\u00a0pour vivre pleinement cette rencontre. Avant le coup d&rsquo;envoi, retrouvez nos\u00a0vid\u00e9os d&rsquo;avant-match sur Facebook en compagnie des supporters pour prendre la temp\u00e9rature\u00a0et au bord terrain\u00a0pour la composition des \u00e9quipes et les toutes derni\u00e8res infos.<\/p>\n<p>Au coup de sifflet final, place aux r\u00e9actions du coach et des joueurs n\u00eemois, toujours en vid\u00e9o. Ne manquez pas ce rendez-vous sportif ce samedi \u00e0 18h sur la page YouTube d&rsquo;Objectif Gard !<\/p>\n<p><strong>Direct vid\u00e9o :<\/strong><\/p><\/p>\n","protected":false},"excerpt":{"rendered":"Les Crocos vont-ils confirmer \u00e0 l&rsquo;ext\u00e9rieur apr\u00e8s le joli succ\u00e8s 3-0 face \u00e0 Fr\u00e9jus ?\u00a0 Pour suivre la&hellip;\n","protected":false},"author":2,"featured_media":370412,"comment_status":"","ping_status":"","sticky":false,"template":"","format":"standard","meta":{"footnotes":""},"categories":[9619],"tags":[1111,11,1777,674,1011,27,12,882,25,2310],"class_list":{"0":"post-374168","1":"post","2":"type-post","3":"status-publish","4":"format-standard","5":"has-post-thumbnail","7":"category-toulon","8":"tag-actu","9":"tag-actualites","10":"tag-eu","11":"tag-europe","12":"tag-fr","13":"tag-france","14":"tag-news","15":"tag-provence-alpes-cote-dazur","16":"tag-republique-francaise","17":"tag-toulon"},"share_on_mastodon":{"url":"https:\/\/pubeurope.com\/@fr\/115166030291470428","error":""},"_links":{"self":[{"href":"https:\/\/www.europesays.com\/fr\/wp-json\/wp\/v2\/posts\/374168","targetHints":{"allow":["GET"]}}],"collection":[{"href":"https:\/\/www.europesays.com\/fr\/wp-json\/wp\/v2\/posts"}],"about":[{"href":"https:\/\/www.europesays.com\/fr\/wp-json\/wp\/v2\/types\/post"}],"author":[{"embeddable":true,"href":"https:\/\/www.europesays.com\/fr\/wp-json\/wp\/v2\/users\/2"}],"replies":[{"embeddable":true,"href":"https:\/\/www.europesays.com\/fr\/wp-json\/wp\/v2\/comments?post=374168"}],"version-history":[{"count":0,"href":"https:\/\/www.europesays.com\/fr\/wp-json\/wp\/v2\/posts\/374168\/revisions"}],"wp:featuredmedia":[{"embeddable":true,"href":"https:\/\/www.europesays.com\/fr\/wp-json\/wp\/v2\/media\/370412"}],"wp:attachment":[{"href":"https:\/\/www.europesays.com\/fr\/wp-json\/wp\/v2\/media?parent=374168"}],"wp:term":[{"taxonomy":"category","embeddable":true,"href":"https:\/\/www.europesays.com\/fr\/wp-json\/wp\/v2\/categories?post=374168"},{"taxonomy":"post_tag","embeddable":true,"href":"https:\/\/www.europesays.com\/fr\/wp-json\/wp\/v2\/tags?post=374168"}],"curies":[{"name":"wp","href":"https:\/\/api.w.org\/{rel}","templated":true}]}}