{"id":374169,"date":"2025-09-08T01:15:26","date_gmt":"2025-09-08T01:15:26","guid":{"rendered":"https:\/\/www.europesays.com\/fr\/374169\/"},"modified":"2025-09-08T01:15:26","modified_gmt":"2025-09-08T01:15:26","slug":"porsche-911-carrera-t-retour-aux-fondamentaux","status":"publish","type":"post","link":"https:\/\/www.europesays.com\/fr\/374169\/","title":{"rendered":"Porsche 911 Carrera T, retour aux fondamentaux"},"content":{"rendered":"<p>            Par<br \/>\n        <strong><br \/>\n            <a href=\"https:\/\/actu.fr\/auteur\/g-martin\" title=\"Consulter tous les articles de Gil Martin\" rel=\"nofollow noopener\" target=\"_blank\">Gil Martin<\/a><br \/>\n        <\/strong><\/p>\n<p>        Publi\u00e9 le<\/p>\n<p>            7 sept. 2025 \u00e0 16h46        <\/p>\n<p>Apr\u00e8s le lancement r\u00e9cent de la 911 dans une<strong> in\u00e9dite et surprenante version hybride<\/strong> de 541 ch, le constructeur de Stuttgart prend un nouveau virage serr\u00e9 et <strong>revient aux fondamentaux<\/strong> avec sa nouvelle 911 Carrera T qui s\u2019affranchit de toute \u00e9lectrification. Il faut dire que la version hybride de la c\u00e9l\u00e8bre sportive ne la dispense pas d\u2019un malus costaud de\u2026 70 000 \u20ac\u00a0!<\/p>\n<p>Moteur bi-turbo de 3 litres<\/p>\n<p class=\" wall-content\">Autrement dit, quitte \u00e0 payer cette taxe, autant privil\u00e9gier les sensations et revenir, donc, aux fondamentaux qui ont fait la r\u00e9putation de l\u2019ind\u00e9modable 911. Pour cela, Porsche a opt\u00e9 pour son <strong>moteur flat-six biturbo 3 litres<\/strong> qui \u00e9quipe la Carrera de base et d\u00e9veloppe une belle cavalerie de 394 ch \u00e0 7 500 tr\/min. Dans la lign\u00e9e de ses grandes s\u0153urs, cette 911 affiche un caract\u00e8re tr\u00e8s sportif, avec une vitesse de<strong> 295 km\/h<\/strong> et <strong>le 0 \u00e0 100 km\/h abattu en 4,5 secondes<\/strong>.<\/p>\n<blockquote class=\"ac-article-quote wall-content\">\n<p>Sur les routes sinueuses, la 911 Carrera T donne son maximum et fait appr\u00e9cier son agilit\u00e9, profitant du travail des roues arri\u00e8re directrices et de l\u2019efficacit\u00e9 du ch\u00e2ssis sport surbaiss\u00e9.<\/p>\n<p>    <strong\/>\n            <\/p><\/blockquote>\n<p>    <img   decoding=\"async\" loading=\"lazy\" src=\"https:\/\/www.europesays.com\/fr\/wp-content\/uploads\/2025\/09\/photo-porsche-carrera-t-profil-960x640.jpg\" alt=\"La 911 Carrera T profite des atours habituellement r\u00e9serv\u00e9 \u00e0 une GT3 Touring : ch\u00e2ssis sport, bo\u00eete manuelle \u00e0 6 vitesses, freins \u00e9triers \u00e0 six pistons \u00e0 l\u2019avant, \u00e9chappement sport\" width=\"960\" height=\"640\"\/><br \/>\n    La 911 Carrera T profite des atours habituellement r\u00e9serv\u00e9 \u00e0 une GT3 Touring : ch\u00e2ssis sport, bo\u00eete manuelle \u00e0 6 vitesses, freins \u00e9triers \u00e0 six pistons \u00e0 l\u2019avant, \u00e9chappement sport (\u00a9Porsche)<\/p>\n<p class=\" wall-content\">Pour s\u00e9duire la client\u00e8le, le constructeur allemand a con\u00e7u cette 911 Carrera T en lui attribuant les atours habituellement r\u00e9serv\u00e9 \u00e0 une GT3 Touring, avec un ch\u00e2ssis sport, une <strong>bo\u00eete manuelle \u00e0 6 vitesses<\/strong>, des freins compos\u00e9s d\u2019\u00e9triers \u00e0 six pistons \u00e0 l\u2019avant et d\u2019un \u00e9chappement sport pour profiter de la sonorit\u00e9 du moteur, m\u00eame si la voiture est \u00e9quip\u00e9e de vitres all\u00e9g\u00e9es procurant une isolation phonique r\u00e9duite.<\/p>\n<p>Vid\u00e9os : en ce moment sur Actu<br \/>\n    <a href=\"https:\/\/www.google.com\/maps\/embed?pb=!1m18!1m12!1m3!1d92442.71762947095!2d3.791768218162807!3d43.60997855812626!2m3!1f0!2f0!3f0!3m2!1i1024!2i768!4f13.1!3m3!1m2!1s0x12b6af0725dd9db1%3A0xad8756742894e802!2sMontpellier!5e0!3m2!1sfr!2sfr!4v1753990954536!5m2!1sfr!2sfr\" title=\"Ouvrie le lien\" rel=\"nofollow noopener\" target=\"_blank\">Cliquez ici pour visualiser le contenu<\/a><\/p>\n<p><strong>Le petit + <\/strong>: le levier de vitesse en bois h\u00e9rit\u00e9 de la Carrera GT<\/p>\n<p>Votre r\u00e9gion, votre actu !<\/p>\n<p>Recevez chaque jour les infos qui comptent pour vous.<\/p>\n<p>\t<a href=\"https:\/\/actu.fr\/newsletter\" class=\"ac-btn ac-btn--corner ac-btn--medium ac-btn--blue800\" rel=\"nofollow noopener\" target=\"_blank\">S&rsquo;incrire<\/a><br \/>\nUne Carrera terriblement efficace<\/p>\n<p class=\" wall-content\">Mais les ing\u00e9nieurs ont aussi privil\u00e9gi\u00e9 des <strong>mat\u00e9riaux l\u00e9gers<\/strong> permettant de r\u00e9duire le poids de l\u2019engin de 42 kg (pour un poids total de 1 478 kg). Ce qui semble relev\u00e9 du d\u00e9tail permet ici d\u2019am\u00e9liorer les performances de la nouvelle 911 et d\u2019offrir \u00e0 son pilote des sensations incomparables. Sur les routes sinueuses, la 911 Carrera T donne son maximum et fait appr\u00e9cier son agilit\u00e9, profitant du travail des roues arri\u00e8re directrices et de l\u2019efficacit\u00e9 du ch\u00e2ssis sport surbaiss\u00e9.<\/p>\n<p>    <img   decoding=\"async\" loading=\"lazy\" src=\"https:\/\/www.europesays.com\/fr\/wp-content\/uploads\/2025\/09\/photo-porsche-carrera-t-planche-960x640.jpg\" alt=\"On retrouve le levier de vitesse en bois h\u00e9rit\u00e9 de la Carrera GT\" width=\"960\" height=\"640\"\/><br \/>\n    On retrouve le levier de vitesse en bois h\u00e9rit\u00e9 de la Carrera GT (\u00a9Porsche)Clin d\u2019oeil aux ann\u00e9es 70<\/p>\n<p class=\" wall-content\">Terriblement efficace, bruyante \u00e0 souhait, la nouvelle Porsche renoue avec la tradition sportive e des 911. Jusqu\u2019au choix des peintures, puisque la Carrera T peut \u00eatre choisie avec un coloris inspir\u00e9 des ann\u00e9es 70. Et comme le constructeur allemand ne laisse d\u00e9cid\u00e9ment rien au hasard, la Carrera T est aussi disponible dans une sublime version cabriolet\u2026<\/p>\n<p>Porsche Carrera T : les performances<\/p>\n<p>Poids\u00a0: 1 478 kg<br \/>Dimensions : L. 4,54 m, h. 1,29 m<br \/>Moteur : 6 cylindres \u00e0 plat biturbo,<br \/>Puissance\u00a0: 394 ch \u00e0 450 Nm<br \/>Boite manuelle 6 vitesses<br \/>Vitesse max\u00a0: 295 km\/h<br \/>De 0 \u00e0 100 km\/h en 4,5 s<br \/>Consommation : 10,4 l\/100 km<br \/>\u00c9missions CO2 : 237 g\/km<br \/>Tarif : 150 800 \u20ac (hors malus)<\/p>\n<p class=\" wall-content\">.<\/p>\n<p class=\" wall-content\">Personnalisez votre actualit\u00e9 en ajoutant vos villes et m\u00e9dias en favori avec <a href=\"https:\/\/moncompte.actu.fr\" title=\"D\u00e9couvez Mon Actu\" rel=\"nofollow noopener\" data-trk=\"{&quot;cta&quot;:{&quot;action&quot;:&quot;https:\\\/\\\/moncompte.actu.fr&quot;,&quot;category&quot;:&quot;mon compte&quot;,&quot;from&quot;:&quot;article footer&quot;,&quot;name&quot;:&quot;Mon actu&quot;,&quot;type&quot;:&quot;cta&quot;}}\" target=\"_blank\">Mon Actu<\/a>.<\/p>\n","protected":false},"excerpt":{"rendered":"Par Gil Martin Publi\u00e9 le 7 sept. 2025 \u00e0 16h46 Apr\u00e8s le lancement r\u00e9cent de la 911 dans&hellip;\n","protected":false},"author":2,"featured_media":374170,"comment_status":"","ping_status":"","sticky":false,"template":"","format":"standard","meta":{"footnotes":""},"categories":[9599],"tags":[1111,11,1777,674,1011,27,1305,2208,12,2680,25],"class_list":{"0":"post-374169","1":"post","2":"type-post","3":"status-publish","4":"format-standard","5":"has-post-thumbnail","7":"category-montpellier","8":"tag-actu","9":"tag-actualites","10":"tag-eu","11":"tag-europe","12":"tag-fr","13":"tag-france","14":"tag-lifestyle","15":"tag-montpellier","16":"tag-news","17":"tag-occitanie","18":"tag-republique-francaise"},"share_on_mastodon":{"url":"https:\/\/pubeurope.com\/@fr\/115166034302643532","error":""},"_links":{"self":[{"href":"https:\/\/www.europesays.com\/fr\/wp-json\/wp\/v2\/posts\/374169","targetHints":{"allow":["GET"]}}],"collection":[{"href":"https:\/\/www.europesays.com\/fr\/wp-json\/wp\/v2\/posts"}],"about":[{"href":"https:\/\/www.europesays.com\/fr\/wp-json\/wp\/v2\/types\/post"}],"author":[{"embeddable":true,"href":"https:\/\/www.europesays.com\/fr\/wp-json\/wp\/v2\/users\/2"}],"replies":[{"embeddable":true,"href":"https:\/\/www.europesays.com\/fr\/wp-json\/wp\/v2\/comments?post=374169"}],"version-history":[{"count":0,"href":"https:\/\/www.europesays.com\/fr\/wp-json\/wp\/v2\/posts\/374169\/revisions"}],"wp:featuredmedia":[{"embeddable":true,"href":"https:\/\/www.europesays.com\/fr\/wp-json\/wp\/v2\/media\/374170"}],"wp:attachment":[{"href":"https:\/\/www.europesays.com\/fr\/wp-json\/wp\/v2\/media?parent=374169"}],"wp:term":[{"taxonomy":"category","embeddable":true,"href":"https:\/\/www.europesays.com\/fr\/wp-json\/wp\/v2\/categories?post=374169"},{"taxonomy":"post_tag","embeddable":true,"href":"https:\/\/www.europesays.com\/fr\/wp-json\/wp\/v2\/tags?post=374169"}],"curies":[{"name":"wp","href":"https:\/\/api.w.org\/{rel}","templated":true}]}}