{"id":374171,"date":"2025-09-08T01:16:21","date_gmt":"2025-09-08T01:16:21","guid":{"rendered":"https:\/\/www.europesays.com\/fr\/374171\/"},"modified":"2025-09-08T01:16:21","modified_gmt":"2025-09-08T01:16:21","slug":"un-jeune-de-19-ans-arrete-a-beauvoisin-apres-avoir-menace-de-commettre-un-attentat-au-zevent-de-montpellier","status":"publish","type":"post","link":"https:\/\/www.europesays.com\/fr\/374171\/","title":{"rendered":"Un jeune de 19 ans arr\u00eat\u00e9 \u00e0 Beauvoisin apr\u00e8s avoir menac\u00e9 de commettre un attentat au ZEvent de Montpellier"},"content":{"rendered":"<p>Apr\u00e8s avoir menac\u00e9 de commettre un attentat au ZEvent \u00e0 Montpellier, un jeune adulte de 19 ans s&rsquo;est fait arr\u00eater ce samedi 6 septembre \u00e0 Beauvoisin. Une enqu\u00eate est ouverte pour menace de crime dans le cadre de terrorisme.<\/p>\n<p>Alors que la fin du\u00a0<a target=\"_blank\" rel=\"nofollow noopener noreferrer\" class=\"IciLink ici-link IciArticleLink g-ici-body-regular-1 underline brand svelte-lu7k6w\" href=\"https:\/\/zevent.fr\/\">ZEvent<\/a>\u00a0approche \u00e0 Montpellier,\u00a0un jeune adulte de 19 ans s&rsquo;est fait arr\u00eater \u00e0 Beauvoisin apr\u00e8s avoir menac\u00e9 de commettre un attentat contre le\u00a0marathon caritatif du jeu vid\u00e9o. Les gendarmes de la compagnie de Vauvert l&rsquo;ont interpell\u00e9 ce samedi 6 septembre, gr\u00e2ce \u00e0 <strong>un signalement de la plateforme Pharos<\/strong>, qui alerte quand un contenu illicite est publi\u00e9 sur les r\u00e9seaux sociaux. Ici, il s&rsquo;agit d&rsquo;une vid\u00e9o, diffus\u00e9e sur\u00a0<a target=\"_blank\" rel=\"nofollow noopener noreferrer\" class=\"IciLink ici-link IciArticleLink g-ici-body-regular-1 underline brand svelte-lu7k6w\" href=\"https:\/\/www.tiktok.com\/fr\/\">TikTok<\/a>\u00a0notamment, dans laquelle le jeune l&rsquo;affirme\u00a0: il a <strong>tout le mat\u00e9riel n\u00e9cessaire<\/strong> pour passer \u00e0 l&rsquo;acte.<\/p>\n<p>Imm\u00e9diatement plac\u00e9 en garde \u00e0 vue, le Gardois se d\u00e9fend en disant qu&rsquo;il s&rsquo;agit d&rsquo;une mauvaise blague alors <strong>il est rel\u00e2ch\u00e9 au bout de 24 heures<\/strong>. Une enqu\u00eate\u00a0est ouverte pour menace de crime dans le cadre de terrorisme et les gendarmes analysent tous les appareils informatiques de son domicile, allant de son t\u00e9l\u00e9phone, jusqu&rsquo;\u00e0 sa PS4.<\/p>\n<p><script async src=\"\/\/www.tiktok.com\/embed.js\"><\/script><\/p>\n","protected":false},"excerpt":{"rendered":"Apr\u00e8s avoir menac\u00e9 de commettre un attentat au ZEvent \u00e0 Montpellier, un jeune adulte de 19 ans s&rsquo;est&hellip;\n","protected":false},"author":2,"featured_media":374172,"comment_status":"","ping_status":"","sticky":false,"template":"","format":"standard","meta":{"footnotes":""},"categories":[9599],"tags":[1111,11,1777,674,1011,27,2208,12,2680,25],"class_list":{"0":"post-374171","1":"post","2":"type-post","3":"status-publish","4":"format-standard","5":"has-post-thumbnail","7":"category-montpellier","8":"tag-actu","9":"tag-actualites","10":"tag-eu","11":"tag-europe","12":"tag-fr","13":"tag-france","14":"tag-montpellier","15":"tag-news","16":"tag-occitanie","17":"tag-republique-francaise"},"share_on_mastodon":{"url":"https:\/\/pubeurope.com\/@fr\/115166038074645268","error":""},"_links":{"self":[{"href":"https:\/\/www.europesays.com\/fr\/wp-json\/wp\/v2\/posts\/374171","targetHints":{"allow":["GET"]}}],"collection":[{"href":"https:\/\/www.europesays.com\/fr\/wp-json\/wp\/v2\/posts"}],"about":[{"href":"https:\/\/www.europesays.com\/fr\/wp-json\/wp\/v2\/types\/post"}],"author":[{"embeddable":true,"href":"https:\/\/www.europesays.com\/fr\/wp-json\/wp\/v2\/users\/2"}],"replies":[{"embeddable":true,"href":"https:\/\/www.europesays.com\/fr\/wp-json\/wp\/v2\/comments?post=374171"}],"version-history":[{"count":0,"href":"https:\/\/www.europesays.com\/fr\/wp-json\/wp\/v2\/posts\/374171\/revisions"}],"wp:featuredmedia":[{"embeddable":true,"href":"https:\/\/www.europesays.com\/fr\/wp-json\/wp\/v2\/media\/374172"}],"wp:attachment":[{"href":"https:\/\/www.europesays.com\/fr\/wp-json\/wp\/v2\/media?parent=374171"}],"wp:term":[{"taxonomy":"category","embeddable":true,"href":"https:\/\/www.europesays.com\/fr\/wp-json\/wp\/v2\/categories?post=374171"},{"taxonomy":"post_tag","embeddable":true,"href":"https:\/\/www.europesays.com\/fr\/wp-json\/wp\/v2\/tags?post=374171"}],"curies":[{"name":"wp","href":"https:\/\/api.w.org\/{rel}","templated":true}]}}