{"id":374188,"date":"2025-09-08T01:37:34","date_gmt":"2025-09-08T01:37:34","guid":{"rendered":"https:\/\/www.europesays.com\/fr\/374188\/"},"modified":"2025-09-08T01:37:34","modified_gmt":"2025-09-08T01:37:34","slug":"a-lille-la-circulation-des-tgv-fortement-perturbee-apres-le-vol-de-600-metres-de-cable","status":"publish","type":"post","link":"https:\/\/www.europesays.com\/fr\/374188\/","title":{"rendered":"\u00c0 Lille, la circulation des TGV \u00ab\u00a0fortement\u00a0\u00bb perturb\u00e9e apr\u00e8s le vol de 600 m\u00e8tres de c\u00e2ble"},"content":{"rendered":"<p>        <img decoding=\"async\" loading=\"lazy\" src=\"https:\/\/www.europesays.com\/fr\/wp-content\/uploads\/2025\/09\/9f90c2a_1658613347876-5cfc5ea92500005f0ddc1b65.jpeg\"  width=\"728\" height=\"410\" alt=\"La circulation des TGV \u00e0 Lille est \u00ab\u00a0fortement\u00a0\u00bb perturb\u00e9e ce mercredi 25\u00a0juin au matin, en raison d\u2019\u00ab\u00a0un important acte de malveillance\u00a0\u00bb sur les voies.\"\/>  <\/p>\n<p>Arterra via Getty Images<\/p>\n<p>La circulation des TGV \u00e0 Lille est \u00ab\u00a0fortement\u00a0\u00bb perturb\u00e9e ce mercredi 25\u00a0juin au matin, en raison d\u2019\u00ab\u00a0un important acte de malveillance\u00a0\u00bb sur les voies.<\/p>\n<p class=\"asset asset-text\">FRANCE &#8211; La circulation des <a href=\"https:\/\/www.huffingtonpost.fr\/france\/article\/trenitalia-arrive-sur-la-ligne-tgv-la-plus-empruntee-de-france_245122.html\" target=\"_blank\" rel=\"noopener\">TGV<\/a> au d\u00e9part et \u00e0 l\u2019arriv\u00e9e des gares de\u00a0Lille\u00a0\u00e9tait \u00ab\u00a0fortement\u00a0\u00bb perturb\u00e9e ce mercredi 25\u00a0juin dans la matin\u00e9e, en raison d\u2019\u00ab\u00a0un acte de malveillance\u00a0\u00bb, le vol ou la coupure de c\u00e2bles, a annonc\u00e9 la <a href=\"https:\/\/www.huffingtonpost.fr\/france\/article\/sncf-en-cas-d-amende-les-controleurs-touchent-ils-vraiment-une-commission-sur-la-somme-verbalisee_251759.html\" target=\"_blank\" rel=\"noopener\">SNCF<\/a>.<\/p>\n<p class=\"asset asset-text\">\u00c0 la gare Lille Europe, n\u0153ud ferroviaire entre Paris, Londres et Bruxelles, les \u00e9crans des d\u00e9parts et arriv\u00e9es \u00e9taient vides ce mercredi en matin\u00e9e, avec un message d\u2019information tournant en boucle, informant d\u2019une reprise du trafic normal estim\u00e9e pour 16\u00a0h\u00a000, a constat\u00e9 l\u2019AFP sur place. \u00ab\u00a0Tous les services Eurostar entre Londres, Bruxelles et Paris sont perturb\u00e9s\u00a0\u00bb, a confirm\u00e9 \u00e0 l\u2019AFP une porte-parole d\u2019Eurostar.<\/p>\n<p class=\"asset asset-text\">Les TGV \u00ab\u00a0sont d\u00e9tourn\u00e9s au maximum sur ligne classique mais la capacit\u00e9 de la ligne est limit\u00e9e\u00a0\u00bb et \u00ab\u00a0les r\u00e9parations devraient prendre une partie de la journ\u00e9e\u00a0\u00bb, explique SNCF R\u00e9seau, qui affirme que \u00ab\u00a0les impacts sont essentiellement sur le trafic des trains \u00e0 grande vitesse\u00a0\u00bb.<\/p>\n<p class=\"asset asset-text\">Les quelques agents SNCF pr\u00e9sents \u00e0 Lille Europe \u00e9taient assaillis de demandes de voyageurs inquiets mais encore calmes. \u00ab\u00a0On devait prendre le TGV \u00e0 07\u00a0h\u00a020, et puis on nous a dit qu\u2019il y avait beaucoup de retard, et apr\u00e8s deux heures on nous a dit qu\u2019il n\u2019y avait pas de TGV\u00a0\u00bb, explique \u00e0 l\u2019AFP Marie-Line Ponville, une Belge de 51\u00a0ans qui devait partir pour Marseille avec sa fille pour une semaine de croisi\u00e8re en M\u00e9diterran\u00e9e. \u00ab\u00a0On ne peut m\u00eame pas rester ici vu qu\u2019on avait pris nos valises pour le soleil, donc on va je pense annuler tout \u00e7a et rentrer \u00e0 la maison\u00a0\u00bb, ajoute-t-elle, d\u00e9pit\u00e9e.<\/p>\n<p>                     \u00ab\u00a0Faut pas rajouter du stress\u00a0\u00bb    <\/p>\n<p class=\"asset asset-text\">Sophie Nunez, cadre dans l\u2019industrie pharmaceutique \u00e2g\u00e9e de 60\u00a0ans, est arriv\u00e9e \u00e0 Lille en TGV de Strasbourg avec une heure de retard, ratant ainsi sa correspondance pour Dunkerque. \u00ab\u00a0C\u2019est un de mes coll\u00e8gues qui va venir me r\u00e9cup\u00e9rer ici pour que je puisse continuer sur Dunkerque\u00a0\u00bb, explique-t-elle.<\/p>\n<p class=\"asset asset-text\">\u00ab\u00a0Moi je ne fais pas partie des gens qui r\u00e2lent (&#8230;), il y a beaucoup de choses qui ne d\u00e9pendent pas de la SNCF, des accidents de personnes ou bien l\u00e0 les vols de c\u00e2bles, ils essaient de g\u00e9rer, faut pas rajouter du stress au stress\u00a0\u00bb, estime-t-elle.<\/p>\n<p class=\"asset asset-text\">\u00c0 la gare de Lille-Flandres, la situation \u00e9tait moins perturb\u00e9e. Patrick, 60\u00a0ans, devait prendre un Lille-Paris \u00e0 9\u00a0h\u00a012, dont il a d\u00e9couvert l\u2019annulation \u00ab\u00a0en arrivant \u00e0 la gare\u00a0\u00bb. \u00ab\u00a0Il y a un manque d\u2019infos, aucune communication, pas de mail\u00a0\u00bb, regrette ce salari\u00e9 du secteur des assurances. \u00ab\u00a0Je m\u2019\u00e9tonne qu\u2019il n\u2019y ait pas plus de surveillance\u00a0\u00bb, ajoute-t-il, alors que plusieurs vols de c\u00e2ble sont d\u00e9j\u00e0 survenus ces derniers mois dans les environs de Lille.<\/p>\n<p>                     Des vols \u00e0 r\u00e9p\u00e9tition    <\/p>\n<p class=\"asset asset-text\">\u00ab\u00a0SNCF R\u00e9seau a \u00e9t\u00e9 victime d\u2019un important acte de malveillance \u00e0 Lille\u00a0: plus de 600 m\u00e8tres de c\u00e2ble ont \u00e9t\u00e9 vol\u00e9s ou coup\u00e9s au sud de la gare de Lille Europe\u00a0\u00bb, avait annonc\u00e9 plus t\u00f4t en matin\u00e9e le gestionnaire des infrastructures ferroviaires.<\/p>\n<p class=\"asset asset-text\">Une charg\u00e9e de communication de SNCF R\u00e9seau sur place a ensuite pr\u00e9cis\u00e9 \u00e0 l\u2019AFP qu\u2019il s\u2019agissait d\u2019un vol de c\u00e2bles. \u00c0 Mont-de-Terre, une petite gare dans le quartier lillois de Fives, plusieurs \u00e9quipes d\u2019agents en gilets de s\u00e9curit\u00e9 orange intervenaient pour reconnecter les c\u00e2bles le long du chemin de fer, a constat\u00e9 l\u2019AFP sur place. Dans chaque tuyau, des dizaines de c\u00e2bles de couleurs diff\u00e9rentes doivent \u00eatre reli\u00e9s un \u00e0 un, une t\u00e2che fastidieuse.<\/p>\n<p class=\"asset asset-text\">Sollicit\u00e9e par l\u2019AFP, la police n\u2019\u00e9tait pas encore en mesure de donner plus de d\u00e9tails dans l\u2019imm\u00e9diat sur les circonstances de ce nouveau vol d\u2019ampleur \u00e0 Lille.<\/p>\n<p class=\"asset asset-text\">En f\u00e9vrier, 13 c\u00e2bles repr\u00e9sentant une longueur cumul\u00e9e de plusieurs centaines de m\u00e8tres avaient \u00e9t\u00e9 vol\u00e9s sur des terrains de la SNCF \u00e0 Lille, ce qui avait entra\u00een\u00e9 d\u2019importantes perturbations sur le r\u00e9seau pendant toute une journ\u00e9e. Un pr\u00e9c\u00e9dent vol de c\u00e2bles avait aussi fortement perturb\u00e9 le trafic ferroviaire dans les Hauts-de-France en octobre dernier.<\/p>\n","protected":false},"excerpt":{"rendered":"Arterra via Getty Images La circulation des TGV \u00e0 Lille est \u00ab\u00a0fortement\u00a0\u00bb perturb\u00e9e ce mercredi 25\u00a0juin au matin,&hellip;\n","protected":false},"author":2,"featured_media":374189,"comment_status":"","ping_status":"","sticky":false,"template":"","format":"standard","meta":{"footnotes":""},"categories":[2815],"tags":[1111,11,1777,674,1011,27,7533,811,1307,12,25,2215,2214],"class_list":{"0":"post-374188","1":"post","2":"type-post","3":"status-publish","4":"format-standard","5":"has-post-thumbnail","7":"category-lille","8":"tag-actu","9":"tag-actualites","10":"tag-eu","11":"tag-europe","12":"tag-fr","13":"tag-france","14":"tag-gare","15":"tag-hauts-de-france","16":"tag-lille","17":"tag-news","18":"tag-republique-francaise","19":"tag-sncf","20":"tag-tgv"},"share_on_mastodon":{"url":"https:\/\/pubeurope.com\/@fr\/115166120724360959","error":""},"_links":{"self":[{"href":"https:\/\/www.europesays.com\/fr\/wp-json\/wp\/v2\/posts\/374188","targetHints":{"allow":["GET"]}}],"collection":[{"href":"https:\/\/www.europesays.com\/fr\/wp-json\/wp\/v2\/posts"}],"about":[{"href":"https:\/\/www.europesays.com\/fr\/wp-json\/wp\/v2\/types\/post"}],"author":[{"embeddable":true,"href":"https:\/\/www.europesays.com\/fr\/wp-json\/wp\/v2\/users\/2"}],"replies":[{"embeddable":true,"href":"https:\/\/www.europesays.com\/fr\/wp-json\/wp\/v2\/comments?post=374188"}],"version-history":[{"count":0,"href":"https:\/\/www.europesays.com\/fr\/wp-json\/wp\/v2\/posts\/374188\/revisions"}],"wp:featuredmedia":[{"embeddable":true,"href":"https:\/\/www.europesays.com\/fr\/wp-json\/wp\/v2\/media\/374189"}],"wp:attachment":[{"href":"https:\/\/www.europesays.com\/fr\/wp-json\/wp\/v2\/media?parent=374188"}],"wp:term":[{"taxonomy":"category","embeddable":true,"href":"https:\/\/www.europesays.com\/fr\/wp-json\/wp\/v2\/categories?post=374188"},{"taxonomy":"post_tag","embeddable":true,"href":"https:\/\/www.europesays.com\/fr\/wp-json\/wp\/v2\/tags?post=374188"}],"curies":[{"name":"wp","href":"https:\/\/api.w.org\/{rel}","templated":true}]}}