{"id":374194,"date":"2025-09-08T01:41:10","date_gmt":"2025-09-08T01:41:10","guid":{"rendered":"https:\/\/www.europesays.com\/fr\/374194\/"},"modified":"2025-09-08T01:41:10","modified_gmt":"2025-09-08T01:41:10","slug":"il-poursuit-son-ex-en-voiture-et-la-projette-contre-un-arbre","status":"publish","type":"post","link":"https:\/\/www.europesays.com\/fr\/374194\/","title":{"rendered":"il poursuit son ex en voiture et la projette contre un arbre"},"content":{"rendered":"<p itemprop=\"description\"><strong>C&rsquo;est un accident d&rsquo;une grande violence qui s&rsquo;est d\u00e9roul\u00e9 ce samedi soir \u00e0 Caluire-et-Cuire.<\/strong><\/p>\n<p>Et qui aurait pu avoir des cons\u00e9quences dramatiques.<\/p>\n<p>Pour une raison encore inconnue, un jeune homme de 26 ans a poursuivi en voiture une femme de son \u00e2ge, qui s&rsquo;av\u00e9rait \u00eatre son ex-compagne.<\/p>\n<p>Arriv\u00e9 avenue Barth\u00e9l\u00e9my Thimonnier vers 23h, il a percut\u00e9 le v\u00e9hicule qu&rsquo;il suivait \u00e0 vive allure, le projetant contre un arbre. Ne s&rsquo;arr\u00eatant pas l\u00e0, le chauffard s&rsquo;encastrait encore une fois dans l&rsquo;arri\u00e8re de la voiture accident\u00e9e.<\/p>\n<p>Sur place, les secours ont d\u00e9sincarc\u00e9r\u00e9 les deux protagonistes et ont pris en charge la jeune femme gri\u00e8vement bless\u00e9e. Son pronostic vital n&rsquo;\u00e9tait toutefois pas engag\u00e9.<\/p>\n<p>L\u00e9g\u00e8rement touch\u00e9, son agresseur a pu \u00eatre plac\u00e9 en garde \u00e0 vue. Une enqu\u00eate pour tentative de meurtre a \u00e9t\u00e9 ouverte par le parquet de Lyon.<\/p>\n","protected":false},"excerpt":{"rendered":"C&rsquo;est un accident d&rsquo;une grande violence qui s&rsquo;est d\u00e9roul\u00e9 ce samedi soir \u00e0 Caluire-et-Cuire. Et qui aurait pu&hellip;\n","protected":false},"author":2,"featured_media":374195,"comment_status":"","ping_status":"","sticky":false,"template":"","format":"standard","meta":{"footnotes":""},"categories":[1889],"tags":[1111,11,2813,2190,2430,1109,251,1112,2811,1777,674,118,1011,27,1922,1110,1114,2428,2810,12,241,316,25,2812,517,800],"class_list":{"0":"post-374194","1":"post","2":"type-post","3":"status-publish","4":"format-standard","5":"has-post-thumbnail","7":"category-lyon","8":"tag-actu","9":"tag-actualites","10":"tag-article","11":"tag-asvel","12":"tag-auvergne-rhone-alpes","13":"tag-breves","14":"tag-culture","15":"tag-depeches","16":"tag-economique","17":"tag-eu","18":"tag-europe","19":"tag-faits-divers","20":"tag-fr","21":"tag-france","22":"tag-info","23":"tag-informations","24":"tag-infos","25":"tag-lyon","26":"tag-lyonmag","27":"tag-news","28":"tag-ol","29":"tag-politique","30":"tag-republique-francaise","31":"tag-sociale","32":"tag-sport","33":"tag-transports"},"share_on_mastodon":{"url":"https:\/\/pubeurope.com\/@fr\/115166136448471771","error":""},"_links":{"self":[{"href":"https:\/\/www.europesays.com\/fr\/wp-json\/wp\/v2\/posts\/374194","targetHints":{"allow":["GET"]}}],"collection":[{"href":"https:\/\/www.europesays.com\/fr\/wp-json\/wp\/v2\/posts"}],"about":[{"href":"https:\/\/www.europesays.com\/fr\/wp-json\/wp\/v2\/types\/post"}],"author":[{"embeddable":true,"href":"https:\/\/www.europesays.com\/fr\/wp-json\/wp\/v2\/users\/2"}],"replies":[{"embeddable":true,"href":"https:\/\/www.europesays.com\/fr\/wp-json\/wp\/v2\/comments?post=374194"}],"version-history":[{"count":0,"href":"https:\/\/www.europesays.com\/fr\/wp-json\/wp\/v2\/posts\/374194\/revisions"}],"wp:featuredmedia":[{"embeddable":true,"href":"https:\/\/www.europesays.com\/fr\/wp-json\/wp\/v2\/media\/374195"}],"wp:attachment":[{"href":"https:\/\/www.europesays.com\/fr\/wp-json\/wp\/v2\/media?parent=374194"}],"wp:term":[{"taxonomy":"category","embeddable":true,"href":"https:\/\/www.europesays.com\/fr\/wp-json\/wp\/v2\/categories?post=374194"},{"taxonomy":"post_tag","embeddable":true,"href":"https:\/\/www.europesays.com\/fr\/wp-json\/wp\/v2\/tags?post=374194"}],"curies":[{"name":"wp","href":"https:\/\/api.w.org\/{rel}","templated":true}]}}