{"id":374202,"date":"2025-09-08T01:46:24","date_gmt":"2025-09-08T01:46:24","guid":{"rendered":"https:\/\/www.europesays.com\/fr\/374202\/"},"modified":"2025-09-08T01:46:24","modified_gmt":"2025-09-08T01:46:24","slug":"un-homme-de-28-ans-ecroue-accuse-davoir-sequestre-et-violente-son-associe","status":"publish","type":"post","link":"https:\/\/www.europesays.com\/fr\/374202\/","title":{"rendered":"un homme de 28 ans \u00e9crou\u00e9, accus\u00e9 d&rsquo;avoir s\u00e9questr\u00e9 et violent\u00e9 son associ\u00e9"},"content":{"rendered":"<p>Devant les enqu\u00eateurs, le suspect accus\u00e9 d\u2019avoir ordonn\u00e9 la s\u00e9questration a expliqu\u00e9 que la victime lui devait 30.000 euros pour des dettes li\u00e9es \u00e0 des investissements dans le trading.<\/p>\n<p class=\"fig-paragraph\">Un homme de 28 ans a \u00e9t\u00e9 mis en examen et \u00e9crou\u00e9 vendredi \u00e0 Paris, soup\u00e7onn\u00e9 d&rsquo;avoir fait subir des violences et s\u00e9questr\u00e9 fin ao\u00fbt un ami et associ\u00e9 en affaires, sur fond de dette dans\u00a0<a href=\"http:\/\/www.lefigaro.fr\/se-former-au-trading-la-clef-d-un-nouveau-rapport-au-risque-financier-20250514\" data-fig-type=\"Article\" rel=\"sponsored noopener\" data-gtm-custom-categorie=\"navigation\" data-gtm-custom-action=\"crossclick\" data-gtm-custom-label=\"Contextuel\" data-gtm-event=\"customEventSPE\" data-fig-domain=\"LEFIGARO\" target=\"_blank\">le milieu du trading<\/a>, a indiqu\u00e9 \u00e0 l&rsquo;AFP samedi une source proche du dossier, confirmant une information du\u00a0<a href=\"https:\/\/www.leparisien.fr\/faits-divers\/lun-deux-a-pris-mon-petit-doigt-avec-une-pince-le-calvaire-dun-ex-trader-enleve-a-paris-06-09-2025-6WUB6VRFWBEQVCUQCGBBSYE5NY.php\" target=\"_blank\" rel=\"sponsored noopener\" data-gtm-custom-categorie=\"navigation\" data-gtm-custom-action=\"crossclick\" data-gtm-custom-label=\"Contextuel\" data-gtm-event=\"customEventSPE\">Parisien<\/a> .<\/p>\n<p class=\"fig-paragraph\">D&rsquo;apr\u00e8s cette source, la victime a d\u00e9pos\u00e9 plainte le 27 ao\u00fbt, affirmant avoir \u00e9t\u00e9 s\u00e9questr\u00e9e et soumise \u00e0 des violences la nuit pr\u00e9c\u00e9dente dans le 10e arrondissement par trois hommes. Apr\u00e8s avoir initialement refus\u00e9, par peur, de donner l&rsquo;identit\u00e9 de l&rsquo;homme qu&rsquo;il accuse d&rsquo;\u00eatre le commanditaire, le plaignant a fini par mettre en cause un \u00abassoci\u00e9\u00bb et \u00abami\u00bb, selon cette source.<\/p>\n<p>                                    <a class=\"fig-a11y-skip a11y-hidden\" href=\"#fig-a11y-skip-main-inarticle\"><br \/>\n        Passer la publicit\u00e9<br \/>\n    <\/a><\/p>\n<p>\u00c9tranglements avec ceinture<\/p>\n<p class=\"fig-paragraph\">Il a indiqu\u00e9 qu&rsquo;il s&rsquo;\u00e9tait rendu dans un appartement du 10e arrondissement sur demande de cet ami et qu&rsquo;\u00e0 son arriv\u00e9e, il s&rsquo;\u00e9tait fait agresser par deux autres individus cagoul\u00e9s, qui lui auraient fait subir des violences, des \u00e9tranglements avec une ceinture jusqu&rsquo;\u00e0 l&rsquo;\u00e9vanouissement, des menaces de mort avec une arme de poing, des menaces sur sa femme enceinte et sa fille.<\/p>\n<p class=\"fig-paragraph\">La victime a ainsi affirm\u00e9 que l&rsquo;un de ses ge\u00f4liers lui aurait \u00abpris le petit doigt avec une pince, comme s&rsquo;ils allaient le sectionner\u00bb. Le m\u00e9decin a relev\u00e9, selon la m\u00eame source, des l\u00e9sions superficielles et \u00e9tabli dans l&rsquo;imm\u00e9diat trois jours d&rsquo;ITT. Les proches de la victime auraient \u00e9t\u00e9 contact\u00e9s pour effectuer un paiement, mais sans succ\u00e8s.<\/p>\n<p class=\"fig-paragraph\">Le plaignant aurait donc \u00e9t\u00e9 rel\u00e2ch\u00e9 avec la promesse qu&rsquo;il verserait de l&rsquo;argent le lendemain, possiblement via un virement vers le compte bancaire de la compagne de son \u00abami\u00bb et \u00abassoci\u00e9\u00bb. L&rsquo;enqu\u00eate a d\u00e9j\u00e0 permis de montrer, d&rsquo;apr\u00e8s la m\u00eame source, que la victime serait \u00abfortement endett\u00e9e aupr\u00e8s de nombreuses personnes\u00bb.<\/p>\n<p>Une dette de 30.000 euros<\/p>\n<p class=\"fig-paragraph\">Interpell\u00e9 mardi, l&rsquo;homme accus\u00e9 d&rsquo;avoir ordonn\u00e9 sa s\u00e9questration a indiqu\u00e9 en audition, selon la source proche du dossier, que la victime lui devait 30.000 euros, pour des dettes li\u00e9es \u00e0\u00a0<a href=\"http:\/\/www.lefigaro.fr\/flash-eco\/crypto-et-trading-l-amf-et-l-acpr-mettent-a-jour-leur-liste-noire-de-sites-frauduleux-20241022\" data-fig-type=\"NewsFlash\" data-gtm-custom-categorie=\"navigation\" data-gtm-custom-action=\"crossclick\" data-gtm-custom-label=\"Contextuel\" data-gtm-event=\"customEventSPE\" data-fig-domain=\"LEFIGARO\" target=\"_blank\" rel=\"noopener\">des investissements dans le trading<\/a>, ce que cette derni\u00e8re conteste.<\/p>\n<p class=\"fig-paragraph\">Le mis en cause a par ailleurs indiqu\u00e9 avoir \u00e9t\u00e9 \u00e9galement retenu par les ravisseurs dans l&rsquo;appartement du 10e arrondissement. Cet homme, dont le casier judiciaire porte la trace de douze condamnations, notamment pour des infractions \u00e0 la l\u00e9gislation sur les stup\u00e9fiants, a \u00e9t\u00e9 mis en examen et incarc\u00e9r\u00e9 vendredi, selon la source proche du dossier.<\/p>\n<p>                                    <a class=\"fig-a11y-skip a11y-hidden\" href=\"#fig-a11y-skip-main-inarticle_mtf\"><br \/>\n        Passer la publicit\u00e9<br \/>\n    <\/a><\/p>\n<p class=\"fig-paragraph\">Apr\u00e8s avoir \u00e9t\u00e9 plac\u00e9s en garde \u00e0 vue, deux de ses proches ont \u00e9t\u00e9 laiss\u00e9s libres sans poursuites. Sollicit\u00e9 par l&rsquo;AFP, son avocat Antoine Ory n&rsquo;a pas souhait\u00e9 commenter.<\/p>\n","protected":false},"excerpt":{"rendered":"Devant les enqu\u00eateurs, le suspect accus\u00e9 d\u2019avoir ordonn\u00e9 la s\u00e9questration a expliqu\u00e9 que la victime lui devait 30.000&hellip;\n","protected":false},"author":2,"featured_media":374203,"comment_status":"","ping_status":"","sticky":false,"template":"","format":"standard","meta":{"footnotes":""},"categories":[1888],"tags":[1111,1928,11,1927,1777,674,1011,27,12,1926,626,1925,25,6188],"class_list":{"0":"post-374202","1":"post","2":"type-post","3":"status-publish","4":"format-standard","5":"has-post-thumbnail","7":"category-paris","8":"tag-actu","9":"tag-actu-paris","10":"tag-actualites","11":"tag-actualites-paris","12":"tag-eu","13":"tag-europe","14":"tag-fr","15":"tag-france","16":"tag-news","17":"tag-news-paris","18":"tag-paris","19":"tag-paris-news","20":"tag-republique-francaise","21":"tag-sequestration"},"share_on_mastodon":{"url":"https:\/\/pubeurope.com\/@fr\/115166156105179495","error":""},"_links":{"self":[{"href":"https:\/\/www.europesays.com\/fr\/wp-json\/wp\/v2\/posts\/374202","targetHints":{"allow":["GET"]}}],"collection":[{"href":"https:\/\/www.europesays.com\/fr\/wp-json\/wp\/v2\/posts"}],"about":[{"href":"https:\/\/www.europesays.com\/fr\/wp-json\/wp\/v2\/types\/post"}],"author":[{"embeddable":true,"href":"https:\/\/www.europesays.com\/fr\/wp-json\/wp\/v2\/users\/2"}],"replies":[{"embeddable":true,"href":"https:\/\/www.europesays.com\/fr\/wp-json\/wp\/v2\/comments?post=374202"}],"version-history":[{"count":0,"href":"https:\/\/www.europesays.com\/fr\/wp-json\/wp\/v2\/posts\/374202\/revisions"}],"wp:featuredmedia":[{"embeddable":true,"href":"https:\/\/www.europesays.com\/fr\/wp-json\/wp\/v2\/media\/374203"}],"wp:attachment":[{"href":"https:\/\/www.europesays.com\/fr\/wp-json\/wp\/v2\/media?parent=374202"}],"wp:term":[{"taxonomy":"category","embeddable":true,"href":"https:\/\/www.europesays.com\/fr\/wp-json\/wp\/v2\/categories?post=374202"},{"taxonomy":"post_tag","embeddable":true,"href":"https:\/\/www.europesays.com\/fr\/wp-json\/wp\/v2\/tags?post=374202"}],"curies":[{"name":"wp","href":"https:\/\/api.w.org\/{rel}","templated":true}]}}