{"id":374206,"date":"2025-09-08T01:48:11","date_gmt":"2025-09-08T01:48:11","guid":{"rendered":"https:\/\/www.europesays.com\/fr\/374206\/"},"modified":"2025-09-08T01:48:11","modified_gmt":"2025-09-08T01:48:11","slug":"paris-le-royal-monceau-raffles-paris-a-la-paris-design-week-2025","status":"publish","type":"post","link":"https:\/\/www.europesays.com\/fr\/374206\/","title":{"rendered":"PARIS : Le Royal Monceau &#8211; Raffles Paris \u00e0 la Paris Design Week 2025"},"content":{"rendered":"<p><strong>Le Royal Monceau \u2013 Raffles Paris, le plus parisien des palaces, annonce sa participation \u00e0 l\u2019\u00e9dition 2025 de la Paris Design Week. <\/strong><\/p>\n<p>\u00c0 cette occasion, le lobby de l\u2019h\u00f4tel accueillera des pi\u00e8ces imagin\u00e9es par l\u2019artiste-designer Pierre Bonnefille dans une mise en sc\u00e8ne pens\u00e9e par le curateur Jean-Fran\u00e7ois Declercq, du 2 septembre au 7 octobre 2025.<\/p>\n<p class=\"m_-4158037184845402366p1\">\u00c0 travers cette exposition au Royal Monceau\u00a0\u2013 Raffles Paris, dans le cadre de la Paris Design\u00a0Week, le public et les r\u00e9sidents de l\u2019h\u00f4tel sont invit\u00e9s \u00e0 d\u00e9couvrir l\u2019univers sensible et po\u00e9tique de Pierre Bonnefille, mis en r\u00e9sonance par le regard curatorial de Jean-Fran\u00e7ois Declercq.<\/p>\n<p class=\"m_-4158037184845402366p1\">En s\u2019associant \u00e0 la Paris Design Week, le plus\u00a0parisien des palaces confirme son r\u00f4le d\u2019<strong>acteur culturel incontournable<\/strong>\u00a0et son ambition\u00a0de faire dialoguer les arts avec l\u2019exp\u00e9rience de\u00a0l\u2019hospitalit\u00e9 de luxe.<\/p>\n","protected":false},"excerpt":{"rendered":"Le Royal Monceau \u2013 Raffles Paris, le plus parisien des palaces, annonce sa participation \u00e0 l\u2019\u00e9dition 2025 de&hellip;\n","protected":false},"author":2,"featured_media":374207,"comment_status":"","ping_status":"","sticky":false,"template":"","format":"standard","meta":{"footnotes":""},"categories":[1888],"tags":[11,1777,674,1011,27,12,626,25],"class_list":{"0":"post-374206","1":"post","2":"type-post","3":"status-publish","4":"format-standard","5":"has-post-thumbnail","7":"category-paris","8":"tag-actualites","9":"tag-eu","10":"tag-europe","11":"tag-fr","12":"tag-france","13":"tag-news","14":"tag-paris","15":"tag-republique-francaise"},"share_on_mastodon":{"url":"https:\/\/pubeurope.com\/@fr\/115166164034648392","error":""},"_links":{"self":[{"href":"https:\/\/www.europesays.com\/fr\/wp-json\/wp\/v2\/posts\/374206","targetHints":{"allow":["GET"]}}],"collection":[{"href":"https:\/\/www.europesays.com\/fr\/wp-json\/wp\/v2\/posts"}],"about":[{"href":"https:\/\/www.europesays.com\/fr\/wp-json\/wp\/v2\/types\/post"}],"author":[{"embeddable":true,"href":"https:\/\/www.europesays.com\/fr\/wp-json\/wp\/v2\/users\/2"}],"replies":[{"embeddable":true,"href":"https:\/\/www.europesays.com\/fr\/wp-json\/wp\/v2\/comments?post=374206"}],"version-history":[{"count":0,"href":"https:\/\/www.europesays.com\/fr\/wp-json\/wp\/v2\/posts\/374206\/revisions"}],"wp:featuredmedia":[{"embeddable":true,"href":"https:\/\/www.europesays.com\/fr\/wp-json\/wp\/v2\/media\/374207"}],"wp:attachment":[{"href":"https:\/\/www.europesays.com\/fr\/wp-json\/wp\/v2\/media?parent=374206"}],"wp:term":[{"taxonomy":"category","embeddable":true,"href":"https:\/\/www.europesays.com\/fr\/wp-json\/wp\/v2\/categories?post=374206"},{"taxonomy":"post_tag","embeddable":true,"href":"https:\/\/www.europesays.com\/fr\/wp-json\/wp\/v2\/tags?post=374206"}],"curies":[{"name":"wp","href":"https:\/\/api.w.org\/{rel}","templated":true}]}}