{"id":374208,"date":"2025-09-08T01:49:12","date_gmt":"2025-09-08T01:49:12","guid":{"rendered":"https:\/\/www.europesays.com\/fr\/374208\/"},"modified":"2025-09-08T01:49:12","modified_gmt":"2025-09-08T01:49:12","slug":"en-direct-guerre-en-ukraine-apres-une-attaque-russe-record-le-mecontentement-de-donald-trump","status":"publish","type":"post","link":"https:\/\/www.europesays.com\/fr\/374208\/","title":{"rendered":"En direct, guerre en Ukraine \u2013 Apr\u00e8s une attaque russe record, le m\u00e9contentement de Donald Trump"},"content":{"rendered":"<p>        03:17<\/p>\n<p>      Donald Trump \u00abpas content\u00bb apr\u00e8s l&rsquo;attaque russe record contre l&rsquo;Ukraine<\/p>\n<p>              <a tabindex=\"-1\" title=\"Le Temps avec l\u2019AFP\" href=\"https:\/\/www.letemps.ch\/profil\/le-temps-avec-l-afp\" rel=\"nofollow noopener\" target=\"_blank\"><\/p>\n<p>                    <img decoding=\"async\" src=\"https:\/\/www.europesays.com\/fr\/wp-content\/uploads\/2025\/04\/1744691829_537_small.jpeg\" class=\"lazy\" alt=\"\"\/><\/p>\n<p><\/a>        <\/p>\n<p>\u00abJe ne suis pas pas content. Je ne suis pas content de la situation dans son ensemble\u00bb, a insist\u00e9 le pr\u00e9sident Donald Trump aupr\u00e8s de journalistes qui l&rsquo;interrogeaient sur l&rsquo;attaque survenue dimanche matin, ajoutant: \u00abJe ne suis pas ravi de ce qui se passe l\u00e0-bas.\u00bb<\/p>\n","protected":false},"excerpt":{"rendered":"03:17 Donald Trump \u00abpas content\u00bb apr\u00e8s l&rsquo;attaque russe record contre l&rsquo;Ukraine \u00abJe ne suis pas pas content. Je&hellip;\n","protected":false},"author":2,"featured_media":374209,"comment_status":"","ping_status":"","sticky":false,"template":"","format":"standard","meta":{"footnotes":""},"categories":[1591],"tags":[11,1887,4438,12,1885,1886,132,220],"class_list":{"0":"post-374208","1":"post","2":"type-post","3":"status-publish","4":"format-standard","5":"has-post-thumbnail","7":"category-russie","8":"tag-actualites","9":"tag-federation-de-russie","10":"tag-free","11":"tag-news","12":"tag-russia","13":"tag-russian-federation","14":"tag-russie","15":"tag-ukraine"},"share_on_mastodon":{"url":"https:\/\/pubeurope.com\/@fr\/115166167994344350","error":""},"_links":{"self":[{"href":"https:\/\/www.europesays.com\/fr\/wp-json\/wp\/v2\/posts\/374208","targetHints":{"allow":["GET"]}}],"collection":[{"href":"https:\/\/www.europesays.com\/fr\/wp-json\/wp\/v2\/posts"}],"about":[{"href":"https:\/\/www.europesays.com\/fr\/wp-json\/wp\/v2\/types\/post"}],"author":[{"embeddable":true,"href":"https:\/\/www.europesays.com\/fr\/wp-json\/wp\/v2\/users\/2"}],"replies":[{"embeddable":true,"href":"https:\/\/www.europesays.com\/fr\/wp-json\/wp\/v2\/comments?post=374208"}],"version-history":[{"count":0,"href":"https:\/\/www.europesays.com\/fr\/wp-json\/wp\/v2\/posts\/374208\/revisions"}],"wp:featuredmedia":[{"embeddable":true,"href":"https:\/\/www.europesays.com\/fr\/wp-json\/wp\/v2\/media\/374209"}],"wp:attachment":[{"href":"https:\/\/www.europesays.com\/fr\/wp-json\/wp\/v2\/media?parent=374208"}],"wp:term":[{"taxonomy":"category","embeddable":true,"href":"https:\/\/www.europesays.com\/fr\/wp-json\/wp\/v2\/categories?post=374208"},{"taxonomy":"post_tag","embeddable":true,"href":"https:\/\/www.europesays.com\/fr\/wp-json\/wp\/v2\/tags?post=374208"}],"curies":[{"name":"wp","href":"https:\/\/api.w.org\/{rel}","templated":true}]}}