{"id":374210,"date":"2025-09-08T01:50:19","date_gmt":"2025-09-08T01:50:19","guid":{"rendered":"https:\/\/www.europesays.com\/fr\/374210\/"},"modified":"2025-09-08T01:50:19","modified_gmt":"2025-09-08T01:50:19","slug":"donald-trump-dit-envisager-de-nouvelles-sanctions-contre-la-russie","status":"publish","type":"post","link":"https:\/\/www.europesays.com\/fr\/374210\/","title":{"rendered":"Donald Trump dit envisager de nouvelles sanctions contre la Russie"},"content":{"rendered":"<p>Ces propos interviennent apr\u00e8s la plus importante attaque a\u00e9rienne russe sur l\u2019Ukraine depuis le d\u00e9but de la guerre.<\/p>\n<p class=\"fig-paragraph\">Donald Trump a d\u00e9clar\u00e9 dimanche qu\u2019il envisageait de nouvelles sanctions contre la Russie, au lendemain d\u2019une importante attaque a\u00e9rienne sur l\u2019Ukraine, sans pr\u00e9c\u00e9dent par son ampleur. Interrog\u00e9 \u00e0 la Maison Blanche par un journaliste sur le fait de savoir s\u2019il \u00e9tait pr\u00eat \u00e0 lancer une nouvelle phase de sanctions contre la Russie, le pr\u00e9sident am\u00e9ricain a r\u00e9pondu \u00aboui, je le suis\u00bb.<\/p>\n<p class=\"fig-paragraph\">Plus t\u00f4t dans la journ\u00e9e, le ministre am\u00e9ricain des Finances\u00a0<a href=\"http:\/\/www.lefigaro.fr\/conjoncture\/donald-trump-envoie-scott-bessent-ministre-des-finances-en-mission-en-ukraine-20250211\" data-fig-type=\"Article\" data-gtm-custom-categorie=\"navigation\" data-gtm-custom-action=\"crossclick\" data-gtm-custom-label=\"Contextuel\" data-gtm-event=\"customEventSPE\" data-fig-domain=\"LEFIGARO\" rel=\"nofollow noopener\" target=\"_blank\">Scott Bessent<\/a>\u00a0a affirm\u00e9 que les \u00c9tats-Unis \u00e9taient \u00abpr\u00eats \u00e0 faire monter la pression\u00bb sur la Russie pour mettre fin \u00e0 la guerre en Ukraine, appelant les Europ\u00e9ens \u00e0 faire de m\u00eame.<\/p>\n<p>                                    <a class=\"fig-a11y-skip a11y-hidden\" href=\"#fig-a11y-skip-main-inarticle\"><br \/>\n        Passer la publicit\u00e9<br \/>\n    <\/a><\/p>\n<p class=\"fig-paragraph\">Ces propos interviennent apr\u00e8s\u00a0<a href=\"http:\/\/www.lefigaro.fr\/international\/ukraine-un-mort-et-plusieurs-blesses-dans-un-bombardement-russe-20250907\" data-fig-type=\"NewsFlash\" data-gtm-custom-categorie=\"navigation\" data-gtm-custom-action=\"crossclick\" data-gtm-custom-label=\"Contextuel\" data-gtm-event=\"customEventSPE\" data-fig-domain=\"LEFIGARO\" rel=\"nofollow noopener\" target=\"_blank\">la plus importante attaque a\u00e9rienne russe<\/a>\u00a0sur l&rsquo;Ukraine depuis le d\u00e9but de la guerre, qui a fait\u00a0<a href=\"http:\/\/www.lefigaro.fr\/international\/guerre-en-ukraine-kiev-se-reveille-sous-le-choc-de-la-plus-grande-attaque-aerienne-depuis-le-debut-du-conflit-20250907\" data-fig-type=\"Article\" data-gtm-custom-categorie=\"navigation\" data-gtm-custom-action=\"crossclick\" data-gtm-custom-label=\"Contextuel\" data-gtm-event=\"customEventSPE\" data-fig-domain=\"LEFIGARO\" rel=\"nofollow noopener\" target=\"_blank\">cinq morts durant la nuit<\/a>, illustrant de nouveau l&rsquo;impasse des discussions diplomatiques pour mettre fin au conflit.<\/p>\n<p>Donald Trump \u00abtr\u00e8s m\u00e9content\u00bb des achats de p\u00e9trole russe<\/p>\n<p class=\"fig-paragraph\">Le vice-pr\u00e9sident am\u00e9ricain JD Vance a eu vendredi un appel \u00abtr\u00e8s productif\u00bb avec la pr\u00e9sidente de la Commission europ\u00e9enne, Ursula von der Leyen, a dit Scott Bessent, qui lui a aussi parl\u00e9. \u00abNous parlons de ce que les deux, l&rsquo;UE et les \u00c9tats-Unis, peuvent faire ensemble. Et nous sommes pr\u00eats \u00e0 faire monter la pression sur la Russie\u00bb, a d\u00e9clar\u00e9 dimanche le ministre sur NBC. \u00abMais nous avons besoin que nos partenaires europ\u00e9ens nous suivent\u00bb, a-t-il ajout\u00e9.<\/p>\n<p class=\"fig-paragraph\">Le pr\u00e9sident am\u00e9ricain a menac\u00e9 de s&rsquo;en prendre aux pays qui ach\u00e8tent des hydrocarbures \u00e0 la Russie afin de saper le financement de son effort de guerre, et a d\u00e9j\u00e0 frapp\u00e9 l&rsquo;Inde de surtaxes douani\u00e8res importantes. Donald Trump est \u00abtr\u00e8s m\u00e9content\u00bb des achats de p\u00e9trole russe par des pays de l&rsquo;UE, a par ailleurs affirm\u00e9 Volodymyr Zelensky jeudi.<\/p>\n<p class=\"fig-paragraph\">\u00abSi les \u00c9tats-Unis et l&rsquo;UE peuvent se mettre d&rsquo;accord sur davantage de sanctions, sur des droits de douane sur les pays qui ach\u00e8tent le p\u00e9trole russe, l&rsquo;\u00e9conomie russe va s&rsquo;effondrer. Et cela va mener le pr\u00e9sident Poutine \u00e0 la table des n\u00e9gociations\u00bb, a insist\u00e9 Scott Bessent dimanche.<\/p>\n","protected":false},"excerpt":{"rendered":"Ces propos interviennent apr\u00e8s la plus importante attaque a\u00e9rienne russe sur l\u2019Ukraine depuis le d\u00e9but de la guerre.&hellip;\n","protected":false},"author":2,"featured_media":374211,"comment_status":"","ping_status":"","sticky":false,"template":"","format":"standard","meta":{"footnotes":""},"categories":[1590],"tags":[11,1777,674,131,12,220,2744],"class_list":{"0":"post-374210","1":"post","2":"type-post","3":"status-publish","4":"format-standard","5":"has-post-thumbnail","7":"category-ukraine","8":"tag-actualites","9":"tag-eu","10":"tag-europe","11":"tag-guerre-en-ukraine","12":"tag-news","13":"tag-ukraine","14":"tag-washington"},"share_on_mastodon":{"url":"https:\/\/pubeurope.com\/@fr\/115166171860783360","error":""},"_links":{"self":[{"href":"https:\/\/www.europesays.com\/fr\/wp-json\/wp\/v2\/posts\/374210","targetHints":{"allow":["GET"]}}],"collection":[{"href":"https:\/\/www.europesays.com\/fr\/wp-json\/wp\/v2\/posts"}],"about":[{"href":"https:\/\/www.europesays.com\/fr\/wp-json\/wp\/v2\/types\/post"}],"author":[{"embeddable":true,"href":"https:\/\/www.europesays.com\/fr\/wp-json\/wp\/v2\/users\/2"}],"replies":[{"embeddable":true,"href":"https:\/\/www.europesays.com\/fr\/wp-json\/wp\/v2\/comments?post=374210"}],"version-history":[{"count":0,"href":"https:\/\/www.europesays.com\/fr\/wp-json\/wp\/v2\/posts\/374210\/revisions"}],"wp:featuredmedia":[{"embeddable":true,"href":"https:\/\/www.europesays.com\/fr\/wp-json\/wp\/v2\/media\/374211"}],"wp:attachment":[{"href":"https:\/\/www.europesays.com\/fr\/wp-json\/wp\/v2\/media?parent=374210"}],"wp:term":[{"taxonomy":"category","embeddable":true,"href":"https:\/\/www.europesays.com\/fr\/wp-json\/wp\/v2\/categories?post=374210"},{"taxonomy":"post_tag","embeddable":true,"href":"https:\/\/www.europesays.com\/fr\/wp-json\/wp\/v2\/tags?post=374210"}],"curies":[{"name":"wp","href":"https:\/\/api.w.org\/{rel}","templated":true}]}}