{"id":374218,"date":"2025-09-08T01:54:16","date_gmt":"2025-09-08T01:54:16","guid":{"rendered":"https:\/\/www.europesays.com\/fr\/374218\/"},"modified":"2025-09-08T01:54:16","modified_gmt":"2025-09-08T01:54:16","slug":"les-europeens-deviennent-le-premier-bailleur-de-fonds-de-lukraine-devant-les-etats-unis","status":"publish","type":"post","link":"https:\/\/www.europesays.com\/fr\/374218\/","title":{"rendered":"Les Europ\u00e9ens deviennent le premier bailleur de fonds de l\u2019Ukraine, devant les \u00c9tats-Unis"},"content":{"rendered":"<p><strong>D\u00c9CRYPTAGE<\/strong> &#8211; Un changement \u00e0 mettre en parall\u00e8le avec la nouvelle politique am\u00e9ricaine qui vend ses armes \u00e0 l\u2019Ukraine au lieu de les livrer.<\/p>\n<p class=\"fig-paragraph\">En Europe, le soutien \u00e0 l\u2019Ukraine s\u2019accentue. D\u00e9stabilis\u00e9es par le retrait relatif des \u00c9tats-Unis, les chancelleries se coordonnent pour rem\u00e9dier aux besoins criants de l\u2019arm\u00e9e ukrainienne. Depuis juin 2025, les Europ\u00e9ens en sont devenus les premiers bailleurs de fonds,\u00a0<a href=\"https:\/\/www.ifw-kiel.de\/publications\/news\/ukraine-support-tracker-europe-now-leading-spender-on-weapons-production-for-ukraine\/\" target=\"_blank\" rel=\"sponsored noopener nofollow\" data-gtm-custom-categorie=\"navigation\" data-gtm-custom-action=\"crossclick\" data-gtm-custom-label=\"Contextuel\" data-gtm-event=\"customEventSPE\">selon les chiffres, dat\u00e9s du 12 ao\u00fbt, du Kiel Institute<\/a> \u00a0qui publie r\u00e9guli\u00e8rement les montants des aides promises \u00e0 Kiev, avec 95 milliards de dollars contre 75 milliards pour Washington depuis le d\u00e9but de l\u2019invasion \u00e0 grande \u00e9chelle.<\/p>\n<p class=\"fig-paragraph\">Donald Trump, qui avait promis de \u00abr\u00e9gler le conflit en 48h\u00bb, a d\u00e9cid\u00e9 de modifier la politique de soutien am\u00e9ricaine. D\u00e9sormais, Kiev doit payer pour recevoir des armements, et ne doit plus compter sur des livraisons. Le Kiel institute ne les d\u00e9compte plus comme du soutien, mais comme des contrats commerciaux. Mi-Juillet dernier, le pr\u00e9sident am\u00e9ricain avait annonc\u00e9 un autre dispositif\u00a0: faire payer des \u00e9quipements am\u00e9ricains par l\u2019Otan qui les livre ensuite \u00e0 l\u2019Ukraine. \u00abNous allons fournir\u2026<\/p>\n<p class=\"fig-premium-paywall__infos\">\n        Cet article est r\u00e9serv\u00e9 aux abonn\u00e9s.        Il vous reste 83% \u00e0 d\u00e9couvrir.\n    <\/p>\n<p>                <img  data- alt=\"Le Figaro\" class=\"fig-img--complete fig-img\"\/><\/p>\n<p class=\"fig-premium-paywall__title\">Vente Flash<\/p>\n<p class=\"fig-premium-paywall__subtitle\">4,99\u20ac par mois pendant 12 mois. Sans engagement<\/p>\n<p class=\"fig-premium-paywall__connect\">\n                D\u00e9j\u00e0 abonn\u00e9\u00a0?                <a class=\"fig-premium-paywall__connect-link\" href=\"https:\/\/connect.lefigaro.fr\/login?client=horizon_web&amp;type=main&amp;redirect_uri=https%3A%2F%2Fwww.lefigaro.fr%2Finternational%2Fles-europeens-deviennent-le-premier-bailleur-de-fonds-de-l-ukraine-devant-les-etats-unis-20250905\" data-js-gtm=\"{&quot;customCategorie&quot;: &quot;conversion&quot;, &quot;customAction&quot;: &quot;before_Landing_Connexion_paywall_auto&quot;, &quot;customLabel&quot;: &quot;bGVmaWdhcm8uZnJfXzFmMDhhNzdmLTlhODktNjQ2Ni1hYTk1LTY3ZWU5Yjg5YTY1M19fQXJ0aWNsZQ==_Les Europ\u00e9ens deviennent le premier bailleur de fonds de l\u2019Ukraine, devant les \u00c9tats-Unis_495&quot;, &quot;customIDSPE&quot;: &quot;bGVmaWdhcm8uZnJfXzFmMDhhNzdmLTlhODktNjQ2Ni1hYTk1LTY3ZWU5Yjg5YTY1M19fQXJ0aWNsZQ==&quot;, &quot;event&quot;: &quot;customEventSPE&quot;}\" rel=\"nofollow noopener\" target=\"_blank\"><br \/>\n                    Connectez-vous<br \/>\n                <\/a>\n            <\/p>\n","protected":false},"excerpt":{"rendered":"D\u00c9CRYPTAGE &#8211; Un changement \u00e0 mettre en parall\u00e8le avec la nouvelle politique am\u00e9ricaine qui vend ses armes \u00e0&hellip;\n","protected":false},"author":2,"featured_media":374219,"comment_status":"","ping_status":"","sticky":false,"template":"","format":"standard","meta":{"footnotes":""},"categories":[1586],"tags":[11,1777,674,1011,27,131,12,25],"class_list":{"0":"post-374218","1":"post","2":"type-post","3":"status-publish","4":"format-standard","5":"has-post-thumbnail","7":"category-europe","8":"tag-actualites","9":"tag-eu","10":"tag-europe","11":"tag-fr","12":"tag-france","13":"tag-guerre-en-ukraine","14":"tag-news","15":"tag-republique-francaise"},"share_on_mastodon":{"url":"https:\/\/pubeurope.com\/@fr\/115166187604210525","error":""},"_links":{"self":[{"href":"https:\/\/www.europesays.com\/fr\/wp-json\/wp\/v2\/posts\/374218","targetHints":{"allow":["GET"]}}],"collection":[{"href":"https:\/\/www.europesays.com\/fr\/wp-json\/wp\/v2\/posts"}],"about":[{"href":"https:\/\/www.europesays.com\/fr\/wp-json\/wp\/v2\/types\/post"}],"author":[{"embeddable":true,"href":"https:\/\/www.europesays.com\/fr\/wp-json\/wp\/v2\/users\/2"}],"replies":[{"embeddable":true,"href":"https:\/\/www.europesays.com\/fr\/wp-json\/wp\/v2\/comments?post=374218"}],"version-history":[{"count":0,"href":"https:\/\/www.europesays.com\/fr\/wp-json\/wp\/v2\/posts\/374218\/revisions"}],"wp:featuredmedia":[{"embeddable":true,"href":"https:\/\/www.europesays.com\/fr\/wp-json\/wp\/v2\/media\/374219"}],"wp:attachment":[{"href":"https:\/\/www.europesays.com\/fr\/wp-json\/wp\/v2\/media?parent=374218"}],"wp:term":[{"taxonomy":"category","embeddable":true,"href":"https:\/\/www.europesays.com\/fr\/wp-json\/wp\/v2\/categories?post=374218"},{"taxonomy":"post_tag","embeddable":true,"href":"https:\/\/www.europesays.com\/fr\/wp-json\/wp\/v2\/tags?post=374218"}],"curies":[{"name":"wp","href":"https:\/\/api.w.org\/{rel}","templated":true}]}}