{"id":374220,"date":"2025-09-08T01:55:12","date_gmt":"2025-09-08T01:55:12","guid":{"rendered":"https:\/\/www.europesays.com\/fr\/374220\/"},"modified":"2025-09-08T01:55:12","modified_gmt":"2025-09-08T01:55:12","slug":"le-conseil-de-leurope-met-en-garde-contre-les-expulsions-vers-des-pays-tiers-2","status":"publish","type":"post","link":"https:\/\/www.europesays.com\/fr\/374220\/","title":{"rendered":"le Conseil de l\u2019Europe met en garde contre les expulsions vers des pays tiers"},"content":{"rendered":"<p>Le Conseil de l\u2019Europe a mis en garde jeudi 4\u00a0septembre ses 46 \u00c9tats membres contre les expulsions de migrants vers des pays tiers, \u00e9voquant un risque de torture et de mort pour les personnes concern\u00e9es. \u00ab\u00a0De telles politiques peuvent exposer des femmes, des hommes et des enfants \u00e0 un risque significatif d\u2019atteintes graves et de souffrance prolong\u00e9e\u00a0\u00bb, a \u00e9crit le commissaire aux droits de l\u2019homme du Conseil de l\u2019Europe, Michael O\u2019Flaherty, dans un communiqu\u00e9.<\/p>\n<p>Certains pays ont commenc\u00e9 \u00e0 externaliser leur politique migratoire, comme l\u2019Italie, qui a ouvert <a href=\"https:\/\/www.la-croix.com\/accord-entre-italie-et-albanie-le-bateau-avec-les-premiers-migrants-est-arrive-en-albanie-20241016\" data-tracking=\"inpage_click\" data-tracking-action=\"suivre un lien dans l&#039;article\" data-tracking-category=\"engagement\" rel=\"nofollow noopener\" target=\"_blank\">en Albanie l\u2019an dernier des centres d\u2019accueil<\/a> transform\u00e9s en sites de rapatriement. Mais pour le Conseil de l\u2019Europe, vigie des droits de l\u2019homme et de la d\u00e9mocratie sur le continent, ces mesures posent \u00ab\u00a0des d\u00e9fis\u00a0\u00bb.<\/p>\n<p>Des politiques qui entravent l\u2019acc\u00e8s \u00e0 l\u2019asile<\/p>\n<p>\u00ab\u00a0Les politiques d\u2019externalisation pourraient soumettre des personnes \u00e0 la torture ou \u00e0 d\u2019autres mauvais traitements, \u00e0 des expulsions collectives et \u00e0 des d\u00e9tentions arbitraires ou pourraient mettre leur vie en danger\u00a0\u00bb, \u00e9crit Michael\u00a0O\u2019Flaherty, \u00e0 l\u2019occasion de la publication d\u2019un rapport sur le sujet. Ces politiques risquent aussi \u00ab\u00a0d\u2019entraver l\u2019acc\u00e8s \u00e0 l\u2019asile et de priver des personnes de recours l\u00e9gaux\u00a0\u00bb.<\/p>\n<p>Le mois dernier, la Cour de justice de l\u2019Union europ\u00e9enne (CJUE) a donn\u00e9 raison \u00e0 des magistrats italiens qui ont ordonn\u00e9 le rapatriement en Italie de migrants expuls\u00e9s vers l\u2019Albanie par <a href=\"https:\/\/www.la-croix.com\/international\/italie-dans-l-embarras-giorgia-meloni-contre-attaque-pour-sauver-son-accord-avec-lalbanie-20241022\" data-tracking=\"inpage_click\" data-tracking-action=\"suivre un lien dans l&#039;article\" data-tracking-category=\"engagement\" rel=\"nofollow noopener\" target=\"_blank\">le gouvernement de Giorgia Meloni<\/a>.<\/p>\n<p>De son c\u00f4t\u00e9, la Cour europ\u00e9enne des droits de l\u2019homme (CEDH), qui d\u00e9pend du Conseil de l\u2019Europe, avait bloqu\u00e9 en 2022 un transfert de migrants par le Royaume-Uni en direction du Rwanda. Londres a depuis sign\u00e9 avec Paris un trait\u00e9 <a href=\"https:\/\/www.la-croix.com\/politique\/macron-au-royaume-uni-paris-et-londres-s-accordent-sur-un-projet-dechange-de-migrants-20250710\" data-tracking=\"inpage_click\" data-tracking-action=\"suivre un lien dans l&#039;article\" data-tracking-category=\"engagement\" rel=\"nofollow noopener\" target=\"_blank\">pr\u00e9voyant le renvoi de migrants vers la France<\/a>, entr\u00e9 en vigueur le mois dernier.<\/p>\n<p>Hors d\u2019Europe, quatre pays d\u2019Afrique \u2013 Ouganda, Rwanda, Eswatini, Soudan du Sud \u2013 acceptent d\u2019accueillir des migrants expuls\u00e9s des \u00c9tats-Unis depuis le retour au pouvoir du pr\u00e9sident Donald Trump.<\/p>\n<p>En Am\u00e9rique centrale, le Salvador a \u00e9t\u00e9 le premier pays \u00e0 accepter des expuls\u00e9s des \u00c9tats-Unis. Pendant quatre mois, 252 V\u00e9n\u00e9zu\u00e9liens accus\u00e9s d\u2019\u00eatre des \u00ab\u00a0criminels\u00a0\u00bb ont \u00e9t\u00e9 d\u00e9tenus dans une prison \u00e0 haute s\u00e9curit\u00e9.<\/p>\n","protected":false},"excerpt":{"rendered":"Le Conseil de l\u2019Europe a mis en garde jeudi 4\u00a0septembre ses 46 \u00c9tats membres contre les expulsions de&hellip;\n","protected":false},"author":2,"featured_media":374221,"comment_status":"","ping_status":"","sticky":false,"template":"","format":"standard","meta":{"footnotes":""},"categories":[1586],"tags":[11,1777,674,1779,1011,27,12,25,1778,364],"class_list":{"0":"post-374220","1":"post","2":"type-post","3":"status-publish","4":"format-standard","5":"has-post-thumbnail","7":"category-europe","8":"tag-actualites","9":"tag-eu","10":"tag-europe","11":"tag-european-union","12":"tag-fr","13":"tag-france","14":"tag-news","15":"tag-republique-francaise","16":"tag-ue","17":"tag-union-europeenne"},"share_on_mastodon":{"url":"https:\/\/pubeurope.com\/@fr\/115166191550617041","error":""},"_links":{"self":[{"href":"https:\/\/www.europesays.com\/fr\/wp-json\/wp\/v2\/posts\/374220","targetHints":{"allow":["GET"]}}],"collection":[{"href":"https:\/\/www.europesays.com\/fr\/wp-json\/wp\/v2\/posts"}],"about":[{"href":"https:\/\/www.europesays.com\/fr\/wp-json\/wp\/v2\/types\/post"}],"author":[{"embeddable":true,"href":"https:\/\/www.europesays.com\/fr\/wp-json\/wp\/v2\/users\/2"}],"replies":[{"embeddable":true,"href":"https:\/\/www.europesays.com\/fr\/wp-json\/wp\/v2\/comments?post=374220"}],"version-history":[{"count":0,"href":"https:\/\/www.europesays.com\/fr\/wp-json\/wp\/v2\/posts\/374220\/revisions"}],"wp:featuredmedia":[{"embeddable":true,"href":"https:\/\/www.europesays.com\/fr\/wp-json\/wp\/v2\/media\/374221"}],"wp:attachment":[{"href":"https:\/\/www.europesays.com\/fr\/wp-json\/wp\/v2\/media?parent=374220"}],"wp:term":[{"taxonomy":"category","embeddable":true,"href":"https:\/\/www.europesays.com\/fr\/wp-json\/wp\/v2\/categories?post=374220"},{"taxonomy":"post_tag","embeddable":true,"href":"https:\/\/www.europesays.com\/fr\/wp-json\/wp\/v2\/tags?post=374220"}],"curies":[{"name":"wp","href":"https:\/\/api.w.org\/{rel}","templated":true}]}}