{"id":374222,"date":"2025-09-08T01:56:19","date_gmt":"2025-09-08T01:56:19","guid":{"rendered":"https:\/\/www.europesays.com\/fr\/374222\/"},"modified":"2025-09-08T01:56:19","modified_gmt":"2025-09-08T01:56:19","slug":"trente-secondes-avant-on-plaisantait-quatre-pietons-fauches-par-un-octogenaire-stupeur-dans-la-manche-le-parisien","status":"publish","type":"post","link":"https:\/\/www.europesays.com\/fr\/374222\/","title":{"rendered":"\u00ab Trente secondes avant, on plaisantait \u00bb : quatre pi\u00e9tons fauch\u00e9s par un octog\u00e9naire, stupeur dans la Manche &#8211; Le Parisien"},"content":{"rendered":"<ol>\n<li><a href=\"https:\/\/news.google.com\/rss\/articles\/CBMijwJBVV95cUxNVmVWaVBsVmJtSUc2UTJwN1pqbDREbnNzb1ZiMThZRmw1a29VY1hyaTlra19JRms0RmhRc3RFQTFUTEpRVHY5WUpoUms2bERlQkVWazVKU0VhX1VUNHZwSFo4Zy1nbjZOdG03S3Rfd0U3Y1NDQm1DX2ZyQm54Q3RINnY3NEpJTXlMejU4V05GWEFNZ2w5cnNFZU5ZaVZRLV9IRGtUa2RNejFoa0x2X21oWHhDcG1UcWRjY0tVblN0WjZyaWk4TGRDbXlNb2JpVjN3bVlRY2hDeEhIWHNCOHFVNFlkenc4OVB3eVllQVZJYTlvbXJiRG54b0VZalNZUDhGY0hTUDRJQW5pbXRNTndB?oc=5\" target=\"_blank\" rel=\"nofollow noopener\">\u00ab Trente secondes avant, on plaisantait \u00bb : quatre pi\u00e9tons fauch\u00e9s par un octog\u00e9naire, stupeur dans la Manche<\/a>&nbsp;&nbsp;Le Parisien<\/li>\n<li><a href=\"https:\/\/news.google.com\/rss\/articles\/CBMi4AFBVV95cUxQVGFtOEk4TFJycWdkOEJvLWJ2eHJCTVNfVC1FQ19pZW5kbi05ajNLM0FsSXhQa3JESG11M0FyS2pQWW1SS2VRc1dCU2xqZmdNZ2ZLcGhqQnpQQ2ItWVdybEtMbXhIUGw0b1pEcTZOc21LSGMyaFNFRkVpS25yaVZzYk5rMmdIWnNva0t2V2ptY1laVlI0b2thQWJRSGJqaG1uZ3RDT0xjaFBDS2hlSmFhLUpnNnlZb25mNVozZlBlakVtRkQzc1VqdEE4ZVJxNDdwcFBIaVdqQl9pVmJQdzQwTw?oc=5\" target=\"_blank\" rel=\"nofollow noopener\">Normandie : deux morts et deux bless\u00e9s apr\u00e8s qu\u2019une voiture a percut\u00e9 des pi\u00e9tons<\/a>&nbsp;&nbsp;Le Monde.fr<\/li>\n<li><a href=\"https:\/\/news.google.com\/rss\/articles\/CBMi3AFBVV95cUxNSzhGbVhrai1XV0JYWGpJQWYxb283UGd5eTM2dkVTd0JtcVkyemxZZ2VNendOcW1zZVlVWnd2Y1hGNUxoMEp6YXROME0tZllWMW92UERyWmozY0ZGNDUxLXlmWGZKQ0N5X2FEOUFzWjFjZVZSeDY3Z1JPVWE0Q2cxNzNKWHhBaE0wZ2wyTEt6RmZ2emU1ZEt2YUhPWDRfMzVIVEJ0LXMxQlRGVzhKMlFlVy1fTElGTFo5Yi1JcDNhQ2hrMmpPeEthekcyY01UWkhLbk5tSFBiV0tkSnpv?oc=5\" target=\"_blank\" rel=\"nofollow noopener\">\u00ab Une horreur, j\u2019ai pleur\u00e9 toutes les larmes de mon corps \u00bb : elle raconte l\u2019accident mortel de Pirou<\/a>&nbsp;&nbsp;Actu.fr<\/li>\n<li><a href=\"https:\/\/news.google.com\/rss\/articles\/CBMi9gFBVV95cUxQUkMzd0h0ZnNneDJYTVRaLUZoR1VsaXhpWjc2dWZWeDMyb2xzY0tPNjZIWFc1SWdBSmg3bURmYnViaWhkSzdDUnprOG9VaGlUc0hKQlhzRDdxem9xY29TSlNVd2VxZ0xnaGhvSWRDUUdMYk55U2hpZ3JzU3p2RU40ZWNfaDV5TV8yQzBxRUVHeHhzOXZQVDVlMmpqQks5VGxBV000UVhkcXBsNU1UQURkcHdfR3k0ejZ3RHhrUGNwMTRQd1RnWWduY09TOGRyNU5XUVZabGE0RG5xeElqX2g0TUNWV1RPak5hT2ZIRzFOeGJlNlgzeHc?oc=5\" target=\"_blank\" rel=\"nofollow noopener\">Normandie : une voiture percute plusieurs pi\u00e9tons, deux mort et deux personnes gravement bless\u00e9es<\/a>&nbsp;&nbsp;Actualit\u00e9s \u2013 Orange<\/li>\n<li><a href=\"https:\/\/news.google.com\/rss\/articles\/CBMiwAFBVV95cUxQdXZSWDVMY0xsY2VMWmhBeGE5b3RJeE12NlNvMGFUZGhsYTJoNXdjOUx6RHhCMHVuMnBCYXJzOWdZNkNsOHJlbVdYWi1weldCUUNIUUhnMDV1VlhFbEpWQUtIWmpwNlo0VjRfMURPN3U0a012LS14bEJiX3lfU3pvVF9fdEhaWm80OVZNQjBhWnhDMXJXM0Uxa0ZGSllDd05raHYxcUVJQk9lcGhOSHFZS3NuaFd1dWo3dlpZSTdCRjg?oc=5\" target=\"_blank\" rel=\"nofollow noopener\">Un deuxi\u00e8me pi\u00e9ton est d\u00e9c\u00e9d\u00e9 apr\u00e8s avoir \u00e9t\u00e9 fauch\u00e9 en Normandie<\/a>&nbsp;&nbsp;20 Minutes<\/li>\n<\/ol>\n","protected":false},"excerpt":{"rendered":"\u00ab Trente secondes avant, on plaisantait \u00bb : quatre pi\u00e9tons fauch\u00e9s par un octog\u00e9naire, stupeur dans la Manche&nbsp;&nbsp;Le&hellip;\n","protected":false},"author":2,"featured_media":374223,"comment_status":"","ping_status":"","sticky":false,"template":"","format":"standard","meta":{"footnotes":""},"categories":[2],"tags":[11,459,118,1011,27,12,25],"class_list":{"0":"post-374222","1":"post","2":"type-post","3":"status-publish","4":"format-standard","5":"has-post-thumbnail","7":"category-actualites","8":"tag-actualites","9":"tag-departements-horsidfo","10":"tag-faits-divers","11":"tag-fr","12":"tag-france","13":"tag-news","14":"tag-republique-francaise"},"share_on_mastodon":{"url":"https:\/\/pubeurope.com\/@fr\/115166195454017530","error":""},"_links":{"self":[{"href":"https:\/\/www.europesays.com\/fr\/wp-json\/wp\/v2\/posts\/374222","targetHints":{"allow":["GET"]}}],"collection":[{"href":"https:\/\/www.europesays.com\/fr\/wp-json\/wp\/v2\/posts"}],"about":[{"href":"https:\/\/www.europesays.com\/fr\/wp-json\/wp\/v2\/types\/post"}],"author":[{"embeddable":true,"href":"https:\/\/www.europesays.com\/fr\/wp-json\/wp\/v2\/users\/2"}],"replies":[{"embeddable":true,"href":"https:\/\/www.europesays.com\/fr\/wp-json\/wp\/v2\/comments?post=374222"}],"version-history":[{"count":0,"href":"https:\/\/www.europesays.com\/fr\/wp-json\/wp\/v2\/posts\/374222\/revisions"}],"wp:featuredmedia":[{"embeddable":true,"href":"https:\/\/www.europesays.com\/fr\/wp-json\/wp\/v2\/media\/374223"}],"wp:attachment":[{"href":"https:\/\/www.europesays.com\/fr\/wp-json\/wp\/v2\/media?parent=374222"}],"wp:term":[{"taxonomy":"category","embeddable":true,"href":"https:\/\/www.europesays.com\/fr\/wp-json\/wp\/v2\/categories?post=374222"},{"taxonomy":"post_tag","embeddable":true,"href":"https:\/\/www.europesays.com\/fr\/wp-json\/wp\/v2\/tags?post=374222"}],"curies":[{"name":"wp","href":"https:\/\/api.w.org\/{rel}","templated":true}]}}