{"id":374224,"date":"2025-09-08T01:57:20","date_gmt":"2025-09-08T01:57:20","guid":{"rendered":"https:\/\/www.europesays.com\/fr\/374224\/"},"modified":"2025-09-08T01:57:20","modified_gmt":"2025-09-08T01:57:20","slug":"ol-lyonnes-om-le-duo-hegerberg","status":"publish","type":"post","link":"https:\/\/www.europesays.com\/fr\/374224\/","title":{"rendered":"OL Lyonnes &#8211; OM : le duo Hegerberg"},"content":{"rendered":"<p>                            <img width=\"770\" height=\"433\" src=\"https:\/\/www.europesays.com\/fr\/wp-content\/uploads\/2025\/09\/000_33BV3FU-770x433.jpg\" class=\"attachment-article size-article wp-post-image\" alt=\"Ada Hegerberg \u00e0 l'\u00e9chauffement lors d'OL - Chelsea\" decoding=\"async\" fetchpriority=\"high\"  \/><\/p>\n<p>Ada Hegerberg \u00e0 l\u2019\u00e9chauffement lors d\u2019OL \u2013 Chelsea (Photo by OLIVIER CHASSIGNOLE \/ AFP)<\/p>\n<p>Premier match de D1 cette saison pour l&rsquo;OL Lyonnes. Face \u00e0 l&rsquo;OM (17h30), Ada Hegerberg et Marie-Antoinette Katoto seront titulaires.<\/p>\n<p>Une composition offensive pour montrer les muscles. Ce dimanche, l&rsquo;OL Lyonnes <a href=\"https:\/\/www.olympique-et-lyonnais.com\/ol-lyonnes-un-tenant-du-titre-au-nouveau-visage-lance-sa-campagne,379005.html\" target=\"_blank\" rel=\"noopener\">entame sa saison<\/a> par la r\u00e9ception de l&rsquo;OM (17h30). Pour sa premi\u00e8re officielle sur le banc rhodanien, Jonatan <strong>Gir\u00e1ldez <\/strong>a choisi d&rsquo;aligner quatre attaquantes, dont trois num\u00e9ros 9. On retrouvera notamment le duo Ada <strong>Hegerberg <\/strong>&#8211; Marie-Antoinette <strong>Katoto<\/strong>. <\/p>\n<p>Il faudra observer comment tout cela s&rsquo;articulera, mais offensivement, elles seront accompagn\u00e9es de Liana <strong>Joseph <\/strong>et Vicki <strong>Becho<\/strong>. Au milieu, nous retrouverons une association 100% am\u00e9ricaine avec Lindsey <strong>Heaps <\/strong>et Lily <strong>Yohannes<\/strong>. Elles auront la lourde charge de diriger le jeu lyonnais.<\/p>\n<p>De l&rsquo;exp\u00e9rience derri\u00e8re<\/p>\n<p>Derri\u00e8re, beaucoup d&rsquo;exp\u00e9rience, avec un quatuor Ashley <strong>Lawrence <\/strong>&#8211; Ingrid <strong>Engen <\/strong>&#8211; Wendie <strong>Renard <\/strong>&#8211; Selma <strong>Bacha<\/strong>. Plut\u00f4t solide sur le papier pour prot\u00e9ger les cages de Christiane <strong>Endler<\/strong>. Rappelons que le staff a laiss\u00e9 <a href=\"https:\/\/www.olympique-et-lyonnais.com\/lol-lyonnes-sans-sombath-dumornay-ou-encore-chawinga-face-a-lom,378981.html\" target=\"_blank\" rel=\"noopener\">dix joueuses<\/a> de c\u00f4t\u00e9 pour cette affiche, pour des raisons sportives mais aussi m\u00e9dicales. <\/p>\n<p>Parmi les rempla\u00e7antes, nous aurons Elma <strong>Junttila Nelhage<\/strong>, Sofie <strong>Svava<\/strong>, la toute jeune <a href=\"https:\/\/www.olympique-et-lyonnais.com\/mercato-fathallah-signe-son-premier-contrat-pro-avec-lol-lyonnes,366308.html\" target=\"_blank\" rel=\"noopener\">Ma\u00efssa\u00a0<strong>Fathallah<\/strong><\/a><strong>\u00a0<\/strong>(16 ans), In\u00e8s <strong>Benyahia<\/strong>, Jule <strong>Brand <\/strong>et Kadidiatou <strong>Diani<\/strong>. Si les titulaires ne parviennent pas \u00e0 faire plier les Marseillaises, il reste encore des armes \u00e0 faire entrer. Un duel \u00e0 suivre en clair sur Canal +.<\/p>\n<p><strong>Le 11 de l&rsquo;OL Lyonnes :<\/strong> Endler &#8211; Lawrence, Engen, Renard, Bacha &#8211; Heaps, Yohannes &#8211; Joseph, Katoto, Hegerberg, Becho <\/p>\n","protected":false},"excerpt":{"rendered":"Ada Hegerberg \u00e0 l\u2019\u00e9chauffement lors d\u2019OL \u2013 Chelsea (Photo by OLIVIER CHASSIGNOLE \/ AFP) Premier match de D1&hellip;\n","protected":false},"author":2,"featured_media":374225,"comment_status":"","ping_status":"","sticky":false,"template":"","format":"standard","meta":{"footnotes":""},"categories":[2],"tags":[11,26389,1011,27,12,23183,149,25],"class_list":{"0":"post-374224","1":"post","2":"type-post","3":"status-publish","4":"format-standard","5":"has-post-thumbnail","7":"category-actualites","8":"tag-actualites","9":"tag-d1","10":"tag-fr","11":"tag-france","12":"tag-news","13":"tag-ol-lyonnes","14":"tag-om","15":"tag-republique-francaise"},"share_on_mastodon":{"url":"https:\/\/pubeurope.com\/@fr\/115166199803529522","error":""},"_links":{"self":[{"href":"https:\/\/www.europesays.com\/fr\/wp-json\/wp\/v2\/posts\/374224","targetHints":{"allow":["GET"]}}],"collection":[{"href":"https:\/\/www.europesays.com\/fr\/wp-json\/wp\/v2\/posts"}],"about":[{"href":"https:\/\/www.europesays.com\/fr\/wp-json\/wp\/v2\/types\/post"}],"author":[{"embeddable":true,"href":"https:\/\/www.europesays.com\/fr\/wp-json\/wp\/v2\/users\/2"}],"replies":[{"embeddable":true,"href":"https:\/\/www.europesays.com\/fr\/wp-json\/wp\/v2\/comments?post=374224"}],"version-history":[{"count":0,"href":"https:\/\/www.europesays.com\/fr\/wp-json\/wp\/v2\/posts\/374224\/revisions"}],"wp:featuredmedia":[{"embeddable":true,"href":"https:\/\/www.europesays.com\/fr\/wp-json\/wp\/v2\/media\/374225"}],"wp:attachment":[{"href":"https:\/\/www.europesays.com\/fr\/wp-json\/wp\/v2\/media?parent=374224"}],"wp:term":[{"taxonomy":"category","embeddable":true,"href":"https:\/\/www.europesays.com\/fr\/wp-json\/wp\/v2\/categories?post=374224"},{"taxonomy":"post_tag","embeddable":true,"href":"https:\/\/www.europesays.com\/fr\/wp-json\/wp\/v2\/tags?post=374224"}],"curies":[{"name":"wp","href":"https:\/\/api.w.org\/{rel}","templated":true}]}}