{"id":374226,"date":"2025-09-08T01:58:15","date_gmt":"2025-09-08T01:58:15","guid":{"rendered":"https:\/\/www.europesays.com\/fr\/374226\/"},"modified":"2025-09-08T01:58:15","modified_gmt":"2025-09-08T01:58:15","slug":"carlos-alcaraz-remporte-lus-open-pour-la-deuxieme-fois-de-sa-carriere-apres-avoir-surclasse-jannik-sinner-en-finale","status":"publish","type":"post","link":"https:\/\/www.europesays.com\/fr\/374226\/","title":{"rendered":"Carlos Alcaraz remporte l&rsquo;US Open pour la deuxi\u00e8me fois de sa carri\u00e8re apr\u00e8s avoir surclass\u00e9 Jannik Sinner en finale"},"content":{"rendered":"\n<p class=\"c-chapo \">\n  L&rsquo;Espagnol a pris sa revanche moins de deux mois apr\u00e8s la finale de Wimbledon perdue face \u00e0 l&rsquo;Italien.\n<\/p>\n<p>            lire plus tard<\/p>\n<p id=\"dialog__title\" class=\"dialog__title\">Pour sauvegarder cet article, connectez-vous ou cr\u00e9ez un compte franceinfo<\/p>\n<p class=\"dialog__description\">Sans paiement. Sans abonnement.<\/p>\n<p>        Fermer la fen\u00eatre d\u2019activation des notifications France Info<\/p>\n<p>            cr\u00e9er votre compte<\/p>\n<p>            se connecter<\/p>\n<p>        Fermer la fen\u00eatre de pr\u00e9sentation<\/p>\n<p>    <img loading=\"lazy\" decoding=\"async\" class=\"signature__image lazyload\" width=\"100\" height=\"100\" data- alt=\"\" src=\"https:\/\/www.europesays.com\/fr\/wp-content\/uploads\/2025\/06\/andrea-rond2-655f9042ecbeb384418639.png\"\/><\/p>\n<p>          France T\u00e9l\u00e9visions &#8211; R\u00e9daction Sport<\/p>\n<p>    Publi\u00e9 le 07\/09\/2025 23:32<\/p>\n<p>      Mis \u00e0 jour le 08\/09\/2025 00:05<\/p>\n<p>        Temps de lecture : 2min<\/p>\n<p>    <img decoding=\"async\"  alt=\"Carlos Alcaraz f\u00eate un point gagn\u00e9 contre Jannik Sinner en finale de l'US Open, le 7 septembre 2025, \u00e0 New York. (KENA BETANCUR \/ AFP)\" width=\"432\" height=\"243\" src=\"https:\/\/www.europesays.com\/fr\/wp-content\/uploads\/2025\/09\/000-73pe9qg-68bdee97aae55565894219.jpg\" fetchpriority=\"high\"\/><\/p>\n<p>      Carlos Alcaraz f\u00eate un point gagn\u00e9 contre Jannik Sinner en finale de l&rsquo;US Open, le 7 septembre 2025, \u00e0 New York. (KENA BETANCUR \/ AFP)<\/p>\n<p>Leur rivalit\u00e9 grandissante a offert un nouvel \u00e9pisode. Ils avaient pris l&rsquo;habitude de faire durer le plaisir et cela n&rsquo;a pas \u00e9t\u00e9 le cas en finale de l&rsquo;US Open, dimanche 7 septembre. Carlos Alcaraz a domin\u00e9 les d\u00e9bats un peu plus largement que pr\u00e9vu. L&rsquo;Espagnol s&rsquo;est impos\u00e9 en quatre sets face \u00e0 Jannik Sinner, qui d\u00e9fendait \u00e0 la fois son statut de n\u00b01 mondial et celui de tenant du titre \u00e0 Flushing Meadows. Il n&rsquo;aura eu besoin \u00ab\u00a0que\u00a0\u00bb de 2h41 pour r\u00e9gler l&rsquo;affaire, en quatre sets (6-2, 3-6, 6-1, 6-4), et prendre sa revanche moins de deux mois apr\u00e8s<a href=\"https:\/\/www.franceinfo.fr\/sports\/tennis\/wimbledon\/wimbledon-2025-jannik-sinner-prend-sa-revanche-sur-carlos-alcaraz-en-finale-et-remporte-son-premier-titre-sur-le-gazon-londonien_7375102.html\" rel=\"nofollow noopener\" target=\"_blank\"> sa d\u00e9faite en finale de Wimbledon<\/a>.<\/p>\n<p>Leurs cinq pr\u00e9c\u00e9dents affrontements en Grand Chelem avaient tous dur\u00e9 plus de trois heures. Cette fois, Carlos Alcaraz a \u00e9volu\u00e9 un cran au-dessus de son adversaire. Au top physiquement, il a m\u00eame surpass\u00e9 son adversaire dans un domaine qu&rsquo;il est cens\u00e9 moins ma\u00eetriser que lui : le service. L&rsquo;Italien a \u00e9prouv\u00e9 de grandes difficult\u00e9s \u00e0 s&rsquo;appuyer dessus. Il a affich\u00e9 48% de premi\u00e8re balle et commis quatre double fautes, des statistiques tr\u00e8s loin de ses standards en dur indoor.<\/p>\n<p>Alcaraz a lui aussi connu quelques temps faibles, notamment dans la deuxi\u00e8me manche, avec une perte de son service sur la premi\u00e8re (et seule) balle de break de Jannik Sinner dans cette rencontre qui ne figurera pas au panth\u00e9on de leurs batailles. Le sc\u00e9nario de chaque set n&rsquo;a connu aucun revirement. A chaque fois, l&rsquo;un des deux joueurs a pris le service de son adversaire au plus tard au cinqui\u00e8me jeu et a fini par remporter la manche.<\/p>\n<p>S&rsquo;il n&rsquo;a pas saisi l&rsquo;opportunit\u00e9 de devenir le premier joueur \u00e0 remporter l&rsquo;US Open sans perdre le moindre set depuis 1960, Carlos Alcaraz se satisfera de ce deuxi\u00e8me sacre \u00e0 New York, o\u00f9 il restait sur une <a href=\"https:\/\/www.franceinfo.fr\/sports\/tennis\/us-open\/us-open-2024-stupeur-avec-l-elimination-de-carlos-alcaraz-debacle-francaise-avec-les-sorties-d-arthur-fils-et-adrian-mannarino-ce-qu-il-faut-retenir-de-la-nuit-de-jeudi-a-vendredi_6752071.html\" rel=\"nofollow noopener\" target=\"_blank\">\u00e9limination d\u00e8s le 2e tour face \u00e0 Botic van de Zandschulp<\/a>. Il d\u00e9croche son sixi\u00e8me titre en Grand Chelem (autant que Boris Becker et Stefan Edberg), ce qui lui permet de prendre deux longueurs d&rsquo;avance sur Jannik Sinner (4), alors qu&rsquo;il est de deux ann\u00e9es son cadet (22 ans, contre 24 pour l&rsquo;Italien). Lundi, Carlos Alcaraz retrouvera la t\u00eate du classement ATP pour la premi\u00e8re fois depuis deux ans.<\/p>\n","protected":false},"excerpt":{"rendered":"L&rsquo;Espagnol a pris sa revanche moins de deux mois apr\u00e8s la finale de Wimbledon perdue face \u00e0 l&rsquo;Italien.&hellip;\n","protected":false},"author":2,"featured_media":374227,"comment_status":"","ping_status":"","sticky":false,"template":"","format":"standard","meta":{"footnotes":""},"categories":[4],"tags":[11,1011,27,12,25],"class_list":{"0":"post-374226","1":"post","2":"type-post","3":"status-publish","4":"format-standard","5":"has-post-thumbnail","7":"category-france","8":"tag-actualites","9":"tag-fr","10":"tag-france","11":"tag-news","12":"tag-republique-francaise"},"share_on_mastodon":{"url":"https:\/\/pubeurope.com\/@fr\/115166203332928665","error":""},"_links":{"self":[{"href":"https:\/\/www.europesays.com\/fr\/wp-json\/wp\/v2\/posts\/374226","targetHints":{"allow":["GET"]}}],"collection":[{"href":"https:\/\/www.europesays.com\/fr\/wp-json\/wp\/v2\/posts"}],"about":[{"href":"https:\/\/www.europesays.com\/fr\/wp-json\/wp\/v2\/types\/post"}],"author":[{"embeddable":true,"href":"https:\/\/www.europesays.com\/fr\/wp-json\/wp\/v2\/users\/2"}],"replies":[{"embeddable":true,"href":"https:\/\/www.europesays.com\/fr\/wp-json\/wp\/v2\/comments?post=374226"}],"version-history":[{"count":0,"href":"https:\/\/www.europesays.com\/fr\/wp-json\/wp\/v2\/posts\/374226\/revisions"}],"wp:featuredmedia":[{"embeddable":true,"href":"https:\/\/www.europesays.com\/fr\/wp-json\/wp\/v2\/media\/374227"}],"wp:attachment":[{"href":"https:\/\/www.europesays.com\/fr\/wp-json\/wp\/v2\/media?parent=374226"}],"wp:term":[{"taxonomy":"category","embeddable":true,"href":"https:\/\/www.europesays.com\/fr\/wp-json\/wp\/v2\/categories?post=374226"},{"taxonomy":"post_tag","embeddable":true,"href":"https:\/\/www.europesays.com\/fr\/wp-json\/wp\/v2\/tags?post=374226"}],"curies":[{"name":"wp","href":"https:\/\/api.w.org\/{rel}","templated":true}]}}