{"id":374230,"date":"2025-09-08T02:04:13","date_gmt":"2025-09-08T02:04:13","guid":{"rendered":"https:\/\/www.europesays.com\/fr\/374230\/"},"modified":"2025-09-08T02:04:13","modified_gmt":"2025-09-08T02:04:13","slug":"il-sait-la-piloter-en-exploitant-le-train-avant-fabio-quartararo-a-encore-fait-des-miracles-malgre-une-yamaha-capricieuse-lequipe","status":"publish","type":"post","link":"https:\/\/www.europesays.com\/fr\/374230\/","title":{"rendered":"\u00abIl sait la piloter en exploitant le train avant\u00bb : Fabio Quartararo a encore fait des miracles malgr\u00e9 une Yamaha capricieuse &#8211; L&#039;\u00c9quipe"},"content":{"rendered":"<ol>\n<li><a href=\"https:\/\/news.google.com\/rss\/articles\/CBMiiwJBVV95cUxPUjYxVHFKYkdpOTBDUGVkQnNsVjBtX3dRN0JrMkNsc29Sa0NieVhteWt4cUJrb0JZYVFMXzZ3MnpPaklpWC1RRzFsWXAxejRmaWRDWEttV1lQNkRmeGNrM21SbmpjWlFRc2NqVG9tN29nVFM1cWx4SjJfd05mbDV5anpMRS1DVlpmcklYV1h2aEdpUGlkb0Nma0d4T2p5MmxNLTdJOVJldlBJNnlGY2t4SDNBVzE5ZWJwaXZrM0YtYlBHQzJpUk5YTHQtNHFhQzUyLW5YVkZuTW5idHBJT3pIckdoa0RZLVUxOUg3SXVzV3RnUERnTHlhQUJfZm9ubWFWeHh4V1haOU9YdDg?oc=5\" target=\"_blank\" rel=\"noopener\">\u00abIl sait la piloter en exploitant le train avant\u00bb : Fabio Quartararo a encore fait des miracles malgr\u00e9 une Yamaha capricieuse<\/a>&nbsp;&nbsp;L&rsquo;\u00c9quipe<\/li>\n<li><a href=\"https:\/\/news.google.com\/rss\/articles\/CBMirgFBVV95cUxNbXI4cXMzQlhkaEd1V0pnY05HT3dMWGp5Nk44M3prRW5wQ2JlUHFBV3V3bE1FQk9yX05ZamxmYlVNY0VMYmE0UXZSOVh4UmpUeHgyUHFSWjZodTdoQUdReTVmeHJpa3k5VnQwTFZ4ZHhrSUt6UjBvckxseFBaSnA3c01CdVdjb29vVUVxRmlPcHd5VGhVTFNPYmhJRGNxdnZmOE9HUjJmWVUySHQzQmc?oc=5\" target=\"_blank\" rel=\"noopener\">Quartararo \u00ab\u00a0satisfait\u00a0\u00bb mais perdu avec sa Yamaha : \u00ab\u00a0Nous devons comprendre\u00a0\u00bb<\/a>&nbsp;&nbsp;Motorsport.com<\/li>\n<li><a href=\"https:\/\/news.google.com\/rss\/articles\/CBMizwFBVV95cUxOMmVtQmNqRWptRDNxc0JzTmtNQm4tdEMwVEhLd0Z4cHNXQ3hjRWhpS25OemVGbm9mZlN2U0pua2k3am9zQ05vRk9jRmJYRExKcWhhb0JhcnZDeVZmbGlKMEtKR0I3TUtZTkN2NTFnLXZ0OVh2dDh5OUJXSVA3ODB1aEtvN2xSUGdyY3RpRktBWlVhRV9nYlA0U1BDd3I5VFJBd3I3bndqR041SkgySG1CNVRQM1FMLTZ4eWQzTU5WcE5XbnpOaTJlQzZxc1FsMU0?oc=5\" target=\"_blank\" rel=\"noopener\">MotoGP Incroyable d\u00e9p\u00eache de Yamaha, Quartararo enfin r\u00e9compens\u00e9, avec le V4 en Catalogne<\/a>&nbsp;&nbsp;Le Mag Sport Auto<\/li>\n<li><a href=\"https:\/\/news.google.com\/rss\/articles\/CBMixwFBVV95cUxQVkF2NHlUc1dfQUlaRlgzeWVWX0hPYjFVZkFFNGxkRzJLYXVKSDhOdkNRb2FsT21ZUlNMRnVfWW9jM012OExkWUxzd05pWVVJcTBhN0t4ZWhTSVVmM2JDSlJxMGtSWldHXzk2OUxlSDRuX01LZ2dqVW9pR2RhNS1yTFBGOGRDdUxfRVJ0MG5xOEhwV0tlcUluRW1Qc25QNmJ4VmQ4dWZ4Zi1xMkNOcXVwX3FsR1dpRDJRZHZ6NFlodmd1Yk9pYmFN?oc=5\" target=\"_blank\" rel=\"noopener\">Fabio Quartararo, deuxi\u00e8me sur la grille du GP de Catalogne : \u00ab Je commence \u00e0 m\u2019amuser \u00bb<\/a>&nbsp;&nbsp;AutoHebdo<\/li>\n<li><a href=\"https:\/\/news.google.com\/rss\/articles\/CBMiqwFBVV95cUxNRW9PZEFWc1Zwc05fTVVRbm0zaTRhOWtJbGxaR1JmYWxfTFlGNk1JUWoxaUlVOEJ0RzhPRVBqcmNuUTRiQ0l2d3ZsU2FQVzFMZndHUlFlUi0tRzFkWkN4cFRmbFZ5SDF5MnlIalB6amllV25rNndKZ3IwcElyNW9fMzYxcWZEcGIxMVV4by1lNkpxa3pvbUVRaXVCZW84ckdaenh6ZzhfcGhGd2s?oc=5\" target=\"_blank\" rel=\"noopener\">Quartararo roulera avec le V4 en test priv\u00e9 lundi<\/a>&nbsp;&nbsp;motogp.com<\/li>\n<\/ol>\n","protected":false},"excerpt":{"rendered":"\u00abIl sait la piloter en exploitant le train avant\u00bb : Fabio Quartararo a encore fait des miracles malgr\u00e9&hellip;\n","protected":false},"author":2,"featured_media":374231,"comment_status":"","ping_status":"","sticky":false,"template":"","format":"standard","meta":{"footnotes":""},"categories":[1413],"tags":[1011,27,1457,1456,60],"class_list":{"0":"post-374230","1":"post","2":"type-post","3":"status-publish","4":"format-standard","5":"has-post-thumbnail","7":"category-moto","8":"tag-fr","9":"tag-france","10":"tag-moto","11":"tag-motocycle","12":"tag-sports"},"share_on_mastodon":{"url":"https:\/\/pubeurope.com\/@fr\/115166226961475606","error":""},"_links":{"self":[{"href":"https:\/\/www.europesays.com\/fr\/wp-json\/wp\/v2\/posts\/374230","targetHints":{"allow":["GET"]}}],"collection":[{"href":"https:\/\/www.europesays.com\/fr\/wp-json\/wp\/v2\/posts"}],"about":[{"href":"https:\/\/www.europesays.com\/fr\/wp-json\/wp\/v2\/types\/post"}],"author":[{"embeddable":true,"href":"https:\/\/www.europesays.com\/fr\/wp-json\/wp\/v2\/users\/2"}],"replies":[{"embeddable":true,"href":"https:\/\/www.europesays.com\/fr\/wp-json\/wp\/v2\/comments?post=374230"}],"version-history":[{"count":0,"href":"https:\/\/www.europesays.com\/fr\/wp-json\/wp\/v2\/posts\/374230\/revisions"}],"wp:featuredmedia":[{"embeddable":true,"href":"https:\/\/www.europesays.com\/fr\/wp-json\/wp\/v2\/media\/374231"}],"wp:attachment":[{"href":"https:\/\/www.europesays.com\/fr\/wp-json\/wp\/v2\/media?parent=374230"}],"wp:term":[{"taxonomy":"category","embeddable":true,"href":"https:\/\/www.europesays.com\/fr\/wp-json\/wp\/v2\/categories?post=374230"},{"taxonomy":"post_tag","embeddable":true,"href":"https:\/\/www.europesays.com\/fr\/wp-json\/wp\/v2\/tags?post=374230"}],"curies":[{"name":"wp","href":"https:\/\/api.w.org\/{rel}","templated":true}]}}