{"id":374234,"date":"2025-09-08T02:06:11","date_gmt":"2025-09-08T02:06:11","guid":{"rendered":"https:\/\/www.europesays.com\/fr\/374234\/"},"modified":"2025-09-08T02:06:11","modified_gmt":"2025-09-08T02:06:11","slug":"cyclisme-simac-ladies-tour-lorena-wiebes-rafle-tout-6e-etape-quintuple-et-le-general","status":"publish","type":"post","link":"https:\/\/www.europesays.com\/fr\/374234\/","title":{"rendered":"Cyclisme. Simac Ladies Tour &#8211; Lorena Wiebes rafle tout : 6e \u00e9tape, quintupl\u00e9 et le g\u00e9n\u00e9ral !"},"content":{"rendered":"<p>Clap de fin sur le\u00a0<strong><a href=\"https:\/\/www.cyclismactu.net\/..\/news-simac-ladies-tour-route-zoe-backstedt-domine-5e-etape-wiebes-toujours-leader-90003.html\" target=\"_blank\" rel=\"nofollow noopener\">Simac Ladies Tour 2025<\/a><\/strong>\u00a0ce dimanche. Un parcours de 156,3 km totalement plat (pour changer) autour de\u00a0Lichtenvoorde \u00e9tait au menu de cette 6e et derni\u00e8re \u00e9tape, et comme pour le reste des \u00e9tapes en ligne de cette semaine, la victoire est revenue \u00e0 l&rsquo;invincible <strong>Lorena Wiebes<\/strong>, qui conclut ainsi en beaut\u00e9 l&rsquo;\u00e9preuve n\u00e9erlandaise avec un 5e succ\u00e8s en six jours en plus du classement g\u00e9n\u00e9ral ! Le Grand Chelem n&rsquo;\u00e9tait pas loin pour la N\u00e9erlandaise, qui ne se sera inclin\u00e9e que lors du contre-la-montre la veille tout en assurant l&rsquo;essentiel en conservant largement la t\u00eate du g\u00e9n\u00e9ral. La porteuse du maillot Jaune n&rsquo;avait donc plus qu&rsquo;\u00e0 parachever son triomphe avec une nouvelle victoire au sprint ce dimanche, ce que la sprinteuse du\u00a0<strong>Team SD Worx-Protime<\/strong> ne s&rsquo;est pas pri\u00e9e de faire.<\/p>\n<p>Vid\u00e9o &#8211; Lorena Wiebes a presque tout rafl\u00e9 sur ce Simac Ladies Tour Lire la suite de l&rsquo;article&#13;<\/p>\n<p>\u00a0<\/p>\n<p>&#13;<br \/>\nMargaux Vigi\u00e9 dans le top 5 final&#13;<\/p>\n<p>Elle devance sur la ligne sa compatriote\u00a0<strong>Nienke Veenhoven<\/strong> (Visma | Lease a Bike) et l&rsquo;Italienne\u00a0<strong>Elisa Balsamo<\/strong> (Lidl-Trek). Cette derni\u00e8re monte d&rsquo;ailleurs sur le podium aux c\u00f4t\u00e9s de la grande dame de cette semaine, avec 54 secondes de retard, juste devant l&rsquo;Am\u00e9ricaine\u00a0<strong>Megan Jastrab<\/strong> (Team Picnic PostNL). La Fran\u00e7aise\u00a0<strong>Margaux Vigi\u00e9<\/strong> (Visma | Lease a Bike) doit se contenter de la 5e place malgr\u00e9 une tr\u00e8s belle course du d\u00e9but \u00e0 la fin, derri\u00e8re la vaiqueure du chrono\u00a0<strong>Zoe Backstedt<\/strong> (CANYON\/\/SRAM zondacrypto)<\/p>\n<p>Simac Ladies Tour &#8211; Classement de la 6\u00e8 \u00e9tape Simac Ladies Tour &#8211; Classement g\u00e9n\u00e9ral<\/p>\n","protected":false},"excerpt":{"rendered":"Clap de fin sur le\u00a0Simac Ladies Tour 2025\u00a0ce dimanche. Un parcours de 156,3 km totalement plat (pour changer)&hellip;\n","protected":false},"author":2,"featured_media":374235,"comment_status":"","ping_status":"","sticky":false,"template":"","format":"standard","meta":{"footnotes":""},"categories":[1411],"tags":[1154,207,211,1011,27,209,50829,60,210,212,208,213],"class_list":{"0":"post-374234","1":"post","2":"type-post","3":"status-publish","4":"format-standard","5":"has-post-thumbnail","7":"category-cyclisme","8":"tag-cycling","9":"tag-cyclisme","10":"tag-ffc","11":"tag-fr","12":"tag-france","13":"tag-route","14":"tag-simac-ladies-tour","15":"tag-sports","16":"tag-tour-de-france","17":"tag-uci","18":"tag-velo","19":"tag-world-tour"},"share_on_mastodon":{"url":"https:\/\/pubeurope.com\/@fr\/115166234806463776","error":""},"_links":{"self":[{"href":"https:\/\/www.europesays.com\/fr\/wp-json\/wp\/v2\/posts\/374234","targetHints":{"allow":["GET"]}}],"collection":[{"href":"https:\/\/www.europesays.com\/fr\/wp-json\/wp\/v2\/posts"}],"about":[{"href":"https:\/\/www.europesays.com\/fr\/wp-json\/wp\/v2\/types\/post"}],"author":[{"embeddable":true,"href":"https:\/\/www.europesays.com\/fr\/wp-json\/wp\/v2\/users\/2"}],"replies":[{"embeddable":true,"href":"https:\/\/www.europesays.com\/fr\/wp-json\/wp\/v2\/comments?post=374234"}],"version-history":[{"count":0,"href":"https:\/\/www.europesays.com\/fr\/wp-json\/wp\/v2\/posts\/374234\/revisions"}],"wp:featuredmedia":[{"embeddable":true,"href":"https:\/\/www.europesays.com\/fr\/wp-json\/wp\/v2\/media\/374235"}],"wp:attachment":[{"href":"https:\/\/www.europesays.com\/fr\/wp-json\/wp\/v2\/media?parent=374234"}],"wp:term":[{"taxonomy":"category","embeddable":true,"href":"https:\/\/www.europesays.com\/fr\/wp-json\/wp\/v2\/categories?post=374234"},{"taxonomy":"post_tag","embeddable":true,"href":"https:\/\/www.europesays.com\/fr\/wp-json\/wp\/v2\/tags?post=374234"}],"curies":[{"name":"wp","href":"https:\/\/api.w.org\/{rel}","templated":true}]}}