{"id":374240,"date":"2025-09-08T02:10:26","date_gmt":"2025-09-08T02:10:26","guid":{"rendered":"https:\/\/www.europesays.com\/fr\/374240\/"},"modified":"2025-09-08T02:10:26","modified_gmt":"2025-09-08T02:10:26","slug":"lecrivain-hennebontais-olivier-risser-publie-un-cinquieme-livre","status":"publish","type":"post","link":"https:\/\/www.europesays.com\/fr\/374240\/","title":{"rendered":"L\u2019\u00e9crivain hennebontais Olivier Risser publie un cinqui\u00e8me livre"},"content":{"rendered":"<p>Apr\u00e8s son essai \u00ab\u00a0La s\u00e8ve et le ruisseau\u00a0\u00bb, l\u2019\u00e9crivain Olivier Risser publie un recueil de po\u00e9sies illustr\u00e9es de photos intitul\u00e9 \u00ab\u00a0Silencieuse est la joie\u00a0\u00bb. Hennebontais depuis une quinzaine d\u2019ann\u00e9es, Olivier Risser, 52 ans, est professeur de fran\u00e7ais et de latin \u00e0 Josselin. Il a d\u00e9j\u00e0 publi\u00e9 quatre ouvrages et nous r\u00e9v\u00e8le aujourd\u2019hui la parution d\u2019un cinqui\u00e8me livre.<\/p>\n<p>\u00ab\u00a0La joie est cette ouverture \u00e0 la vie, \u00e0 l\u2019int\u00e9riorit\u00e9, une certaine jubilation de l\u2019\u00eatre\u00a0\u00bb, confie l\u2019auteur. \u00ab\u00a0Les po\u00e8mes, tr\u00e8s l\u00e9gers, presque a\u00e9riens, sont organis\u00e9s en partie et vont de l\u2019ab\u00eeme \u00e0 la lumi\u00e8re. Le livre m\u00e8ne les lecteurs au seuil d\u2019une joie \u00e0 partager, comme un envol. Les derniers vers invitent \u00e0 la contemplation et r\u00e9sument la d\u00e9marche po\u00e9tique\u00a0: lever les yeux vers plus grand que soi\u00a0\u00bb, ajoute Olivier Risser.<\/p>\n<p>L\u2019ouvrage est disponible sur commande, aupr\u00e8s du site de la maison d\u2019\u00e9dition.<\/p>\n<p><b>Pratique<\/b><\/p>\n<p class=\"note\">\u00c9ditions Des sources et des livres par mail \u00e0 association@dessourcesetdeslivres.fr ou silencieuse.est.la.joie@gmail.com. Prix\u00a0: 15 \u20ac.<\/p>\n","protected":false},"excerpt":{"rendered":"Apr\u00e8s son essai \u00ab\u00a0La s\u00e8ve et le ruisseau\u00a0\u00bb, l\u2019\u00e9crivain Olivier Risser publie un recueil de po\u00e9sies illustr\u00e9es de&hellip;\n","protected":false},"author":2,"featured_media":374241,"comment_status":"","ping_status":"","sticky":false,"template":"","format":"standard","meta":{"footnotes":""},"categories":[1357],"tags":[1379,58,59,1011,27,17980,1380],"class_list":{"0":"post-374240","1":"post","2":"type-post","3":"status-publish","4":"format-standard","5":"has-post-thumbnail","7":"category-livres","8":"tag-books","9":"tag-divertissement","10":"tag-entertainment","11":"tag-fr","12":"tag-france","13":"tag-hennebont","14":"tag-livres"},"share_on_mastodon":{"url":"https:\/\/pubeurope.com\/@fr\/115166250767336769","error":""},"_links":{"self":[{"href":"https:\/\/www.europesays.com\/fr\/wp-json\/wp\/v2\/posts\/374240","targetHints":{"allow":["GET"]}}],"collection":[{"href":"https:\/\/www.europesays.com\/fr\/wp-json\/wp\/v2\/posts"}],"about":[{"href":"https:\/\/www.europesays.com\/fr\/wp-json\/wp\/v2\/types\/post"}],"author":[{"embeddable":true,"href":"https:\/\/www.europesays.com\/fr\/wp-json\/wp\/v2\/users\/2"}],"replies":[{"embeddable":true,"href":"https:\/\/www.europesays.com\/fr\/wp-json\/wp\/v2\/comments?post=374240"}],"version-history":[{"count":0,"href":"https:\/\/www.europesays.com\/fr\/wp-json\/wp\/v2\/posts\/374240\/revisions"}],"wp:featuredmedia":[{"embeddable":true,"href":"https:\/\/www.europesays.com\/fr\/wp-json\/wp\/v2\/media\/374241"}],"wp:attachment":[{"href":"https:\/\/www.europesays.com\/fr\/wp-json\/wp\/v2\/media?parent=374240"}],"wp:term":[{"taxonomy":"category","embeddable":true,"href":"https:\/\/www.europesays.com\/fr\/wp-json\/wp\/v2\/categories?post=374240"},{"taxonomy":"post_tag","embeddable":true,"href":"https:\/\/www.europesays.com\/fr\/wp-json\/wp\/v2\/tags?post=374240"}],"curies":[{"name":"wp","href":"https:\/\/api.w.org\/{rel}","templated":true}]}}