{"id":374242,"date":"2025-09-08T02:11:11","date_gmt":"2025-09-08T02:11:11","guid":{"rendered":"https:\/\/www.europesays.com\/fr\/374242\/"},"modified":"2025-09-08T02:11:11","modified_gmt":"2025-09-08T02:11:11","slug":"south-park-long-story-short-et-empathie-liberation","status":"publish","type":"post","link":"https:\/\/www.europesays.com\/fr\/374242\/","title":{"rendered":"\u00abSouth Park\u00bb, \u00abLong Story Short\u00bb et \u00abEmpathie\u00bb \u2013 Lib\u00e9ration"},"content":{"rendered":"<p class=\"sc-cPiKLX AiZTS text-element\">Pour aider nos lecteurs \u00e0 s\u2019y retrouver dans une offre culturelle foisonnante, les journalistes du service Culture de Lib\u00e9 vous d\u00e9blaient le terrain dans l\u2019actualit\u00e9 des sorties de films, d\u2019albums, de spectacles, de s\u00e9ries et d\u2019expositions. <a href=\"https:\/\/www.liberation.fr\/selections-culture\/\" rel=\"noopener\" title=\"https:\/\/www.liberation.fr\/selections-culture\/\" target=\"_blank\">Retrouvez l\u2019ensemble de nos s\u00e9lections<\/a>. <\/p>\n<p class=\"sc-cPiKLX AiZTS text-element\">Pr\u00e9sent au festival v\u00e9nitien avec Etty, s\u00e9rie consacr\u00e9e \u00e0 Etty Hillesum, morte \u00e0 Auschwitz en 1943, le cr\u00e9ateur isra\u00e9lien pose la question trop actuelle d\u2019un retour du poison fasciste. <a href=\"https:\/\/www.liberation.fr\/culture\/series\/\" target=\"_blank\" rel=\"noopener\" title=\"https:\/\/www.liberation.fr\/culture\/series\/\">Lire la rencontre.<\/a>  <\/p>\n<p class=\"sc-cPiKLX AiZTS text-element\">Pour son retour \u00e0 l\u2019\u00e9cran apr\u00e8s deux ans d\u2019absence, la s\u00e9rie anim\u00e9e charge le pr\u00e9sident am\u00e9ricain par le biais de son personnage le plus tyrannique, Cartman. Et le public est plus que jamais au rendez-vous. <a href=\"https:\/\/www.liberation.fr\/culture\/south-park-une-croisade-de-tous-les-records-contre-lamerique-de-trump-20250827_XGJWMC2YHJEJTJJ2JCK52UUYYI\/\" target=\"_blank\" rel=\"noopener\" title=\"https:\/\/www.liberation.fr\/culture\/south-park-une-croisade-de-tous-les-records-contre-lamerique-de-trump-20250827_XGJWMC2YHJEJTJJ2JCK52UUYYI\/\">Lire notre critique.<\/a> <\/p>\n<\/p>\n<p class=\"sc-cPiKLX AiZTS text-element\">Le cr\u00e9ateur de BoJack Horseman revient avec une s\u00e9rie anim\u00e9e racontant le quotidien des Schwooper. Derri\u00e8re le trait enfantin, la mise en sc\u00e8ne sophistiqu\u00e9e se met au service d\u2019une m\u00e9ditation sur l\u2019exp\u00e9rience jud\u00e9o-am\u00e9ricaine. <a href=\"https:\/\/www.liberation.fr\/culture\/long-story-short-grammaire-de-famille-20250905_4K2YKQRJLRGGPCV4MUEGKKBRAE\/\" target=\"_blank\" rel=\"noopener\" title=\"https:\/\/www.liberation.fr\/culture\/long-story-short-grammaire-de-famille-20250905_4K2YKQRJLRGGPCV4MUEGKKBRAE\/\">Lire notre critique.<\/a> <\/p>\n<\/p>\n<p class=\"sc-cPiKLX AiZTS text-element\">La s\u00e9rie r\u00e9alis\u00e9e par Traci A. Curry et produite par Ryan Coogler est un examen pr\u00e9cis des m\u00e9canismes d\u2019une faillite syst\u00e9mique, pr\u00e9parant les Etats-Unis aux trag\u00e9dies \u00e0 venir. <a href=\"https:\/\/www.liberation.fr\/culture\/katrina-2005-une-serie-documentaire-dans-loeil-de-louragan-20250807_PKHFCN2PWFAHZCECDPKNMS2ACQ\/\" target=\"_blank\" rel=\"noopener\" title=\"https:\/\/www.liberation.fr\/culture\/katrina-2005-une-serie-documentaire-dans-loeil-de-louragan-20250807_PKHFCN2PWFAHZCECDPKNMS2ACQ\/\">Lire notre critique<\/a>. <\/p>\n<\/p>\n<p class=\"sc-cPiKLX AiZTS text-element\">Oscillant entre moments l\u00e9gers et poids dramatique, la s\u00e9rie de la Qu\u00e9b\u00e9coise Florence Longpr\u00e9 sur la maladie mentale s\u00e9duit par son m\u00e9lange de registres mais s\u2019enlise dans un pathos \u00e9touffant. <a href=\"https:\/\/www.liberation.fr\/culture\/empathie-de-florence-longpre-une-serie-en-dents-de-psy-20250905_66FJAYFORBFQXO27CBT5T4O4KU\/\" target=\"_blank\" rel=\"noopener\" title=\"https:\/\/www.liberation.fr\/culture\/empathie-de-florence-longpre-une-serie-en-dents-de-psy-20250905_66FJAYFORBFQXO27CBT5T4O4KU\/\">Lire notre critique.<\/a> <\/p>\n<\/p>\n<p class=\"sc-cPiKLX AiZTS text-element\">La franchise SF horrifique se d\u00e9cline pour la premi\u00e8re fois en s\u00e9rie avec Alien : Earth, une superproduction qui s\u2019enfonce inexorablement dans toutes les mauvaises pistes des pr\u00e9c\u00e9dents films. <a href=\"https:\/\/www.liberation.fr\/culture\/serie-et-jai-crie-alien-pour-quil-ne-revienne-plus-20250811_VVYWPDPN25GF3JA7DOZQQJEBBY\/\" target=\"_blank\" rel=\"noopener\" title=\"https:\/\/www.liberation.fr\/culture\/serie-et-jai-crie-alien-pour-quil-ne-revienne-plus-20250811_VVYWPDPN25GF3JA7DOZQQJEBBY\/\">Lire notre critique.<\/a> <\/p>\n<\/p>\n<p class=\"sc-cPiKLX AiZTS text-element\">Enl\u00e8vement, chantage et tensions : une Premi\u00e8re ministre soc-dem et une pr\u00e9sidente n\u00e9ofacho sont aux prises avec une myst\u00e9rieuse organisation dans une politique-fiction franco-britannique \u00e0 gros sabots. <a href=\"https:\/\/www.liberation.fr\/culture\/series\/hostage-sur-netflix-on-connait-la-rancon-20250822_KC4MEXLOINGXHHX4ZXI5YMWG2Q\/\" target=\"_blank\" rel=\"noopener\" title=\"https:\/\/www.liberation.fr\/culture\/series\/hostage-sur-netflix-on-connait-la-rancon-20250822_KC4MEXLOINGXHHX4ZXI5YMWG2Q\/\">Lire notre critique.<\/a>  <\/p>\n<\/p>\n<p class=\"sc-cPiKLX AiZTS text-element\">Honnie par les tablo\u00efds, l\u2019\u00e9pouse du prince Harry a tent\u00e9 de se r\u00e9inventer en influenceuse cuisine et jardinage avec le lancement d\u2019une s\u00e9rie Netflix, With Love, Megan. Mais la r\u00e9ception de la deuxi\u00e8me saison est encore plus d\u00e9sastreuse que la premi\u00e8re. <a href=\"https:\/\/www.liberation.fr\/international\/europe\/insipide-deconnectee-au-royaume-uni-la-serie-lifestyle-de-meghan-markle-recolte-un-mepris-royal-20250829_KWDD73GDMFC5TDY5DL7H73MTYQ\/\" target=\"_blank\" rel=\"noopener\" title=\"https:\/\/www.liberation.fr\/international\/europe\/insipide-deconnectee-au-royaume-uni-la-serie-lifestyle-de-meghan-markle-recolte-un-mepris-royal-20250829_KWDD73GDMFC5TDY5DL7H73MTYQ\/\">Lire notre correspondante \u00e0 Londres.<\/a> <\/p>\n<\/p>\n<p class=\"sc-cPiKLX AiZTS text-element\"><b>Chaque jour, retrouvez les choix du service Culture de <\/b><b>Lib\u00e9 <\/b><b>: expositions le lundi, th\u00e9\u00e2tre, danse et op\u00e9ra le mardi, sorties cin\u00e9 le mercredi, musique le vendredi, s\u00e9ries le dimanche. Ainsi que le Top 10 de la semaine le samedi. Tout ce qui nous a plu (et parfois d\u00e9plu) dans l\u2019actualit\u00e9 de la culture.<\/b> <\/p>\n","protected":false},"excerpt":{"rendered":"Pour aider nos lecteurs \u00e0 s\u2019y retrouver dans une offre culturelle foisonnante, les journalistes du service Culture de&hellip;\n","protected":false},"author":2,"featured_media":374243,"comment_status":"","ping_status":"","sticky":false,"template":"","format":"standard","meta":{"footnotes":""},"categories":[1356],"tags":[58,59,1011,27,9352,252,1364],"class_list":{"0":"post-374242","1":"post","2":"type-post","3":"status-publish","4":"format-standard","5":"has-post-thumbnail","7":"category-television","8":"tag-divertissement","9":"tag-entertainment","10":"tag-fr","11":"tag-france","12":"tag-sorties-series","13":"tag-television","14":"tag-tv"},"share_on_mastodon":{"url":"https:\/\/pubeurope.com\/@fr\/115166254521352577","error":""},"_links":{"self":[{"href":"https:\/\/www.europesays.com\/fr\/wp-json\/wp\/v2\/posts\/374242","targetHints":{"allow":["GET"]}}],"collection":[{"href":"https:\/\/www.europesays.com\/fr\/wp-json\/wp\/v2\/posts"}],"about":[{"href":"https:\/\/www.europesays.com\/fr\/wp-json\/wp\/v2\/types\/post"}],"author":[{"embeddable":true,"href":"https:\/\/www.europesays.com\/fr\/wp-json\/wp\/v2\/users\/2"}],"replies":[{"embeddable":true,"href":"https:\/\/www.europesays.com\/fr\/wp-json\/wp\/v2\/comments?post=374242"}],"version-history":[{"count":0,"href":"https:\/\/www.europesays.com\/fr\/wp-json\/wp\/v2\/posts\/374242\/revisions"}],"wp:featuredmedia":[{"embeddable":true,"href":"https:\/\/www.europesays.com\/fr\/wp-json\/wp\/v2\/media\/374243"}],"wp:attachment":[{"href":"https:\/\/www.europesays.com\/fr\/wp-json\/wp\/v2\/media?parent=374242"}],"wp:term":[{"taxonomy":"category","embeddable":true,"href":"https:\/\/www.europesays.com\/fr\/wp-json\/wp\/v2\/categories?post=374242"},{"taxonomy":"post_tag","embeddable":true,"href":"https:\/\/www.europesays.com\/fr\/wp-json\/wp\/v2\/tags?post=374242"}],"curies":[{"name":"wp","href":"https:\/\/api.w.org\/{rel}","templated":true}]}}