{"id":374254,"date":"2025-09-08T02:19:21","date_gmt":"2025-09-08T02:19:21","guid":{"rendered":"https:\/\/www.europesays.com\/fr\/374254\/"},"modified":"2025-09-08T02:19:21","modified_gmt":"2025-09-08T02:19:21","slug":"coupures-les-coupures-du-cable-de-la-mer-rouge-perturbent-linternet-en-asie-et-au-moyen-orient-07-09-2025-a-1803","status":"publish","type":"post","link":"https:\/\/www.europesays.com\/fr\/374254\/","title":{"rendered":"COUPURES-Les coupures du c\u00e2ble de la mer Rouge perturbent l&rsquo;internet en Asie et au Moyen-Orient &#8211; 07\/09\/2025 \u00e0 18:03"},"content":{"rendered":"<p>\n ((Traduction automatis\u00e9e par Reuters \u00e0 l&rsquo;aide de l&rsquo;apprentissage<br \/>\nautomatique et de l&rsquo;IA g\u00e9n\u00e9rative, veuillez vous r\u00e9f\u00e9rer \u00e0<br \/>\nl&rsquo;avertissement suivant: https:\/\/bit.ly\/rtrsauto))\n<\/p>\n<p>\n (Mise \u00e0 jour avec des d\u00e9tails du groupe de surveillance de<br \/>\nl&rsquo;internet Netblocks)\n<\/p>\n<p>\n La connectivit\u00e9 internet dans de<br \/>\nnombreux pays, dont l&rsquo;Inde et le Pakistan, a \u00e9t\u00e9 affect\u00e9e par<br \/>\ndes pannes de c\u00e2bles sous-marins dans la mer Rouge, a d\u00e9clar\u00e9 le<br \/>\ngroupe de surveillance de l&rsquo;internet Netblocks.\n<\/p>\n<p>\n Des perturbations similaires ont \u00e9galement \u00e9t\u00e9 observ\u00e9es sur<br \/>\nles r\u00e9seaux Etilasat et Du aux \u00c9mirats arabes unis.\n<\/p>\n<p>\n Il n&rsquo;a pas \u00e9t\u00e9 possible de d\u00e9terminer imm\u00e9diatement qui<br \/>\n\u00e9tait responsable des dommages, mais Netblocks a identifi\u00e9 des<br \/>\nd\u00e9faillances affectant les syst\u00e8mes de c\u00e2bles pr\u00e8s de Jeddah, en<br \/>\nArabie Saoudite.\n<\/p>\n<p>\n Microsoft<br \/>\n <a href=\"https:\/\/www.boursorama.com\/cours\/MSFT\/\" target=\"_blank\" rel=\"noopener\"><br \/>\n  MSFT.O<br \/>\n <\/a><br \/>\n a d\u00e9clar\u00e9 samedi que les utilisateurs de<br \/>\nMicrosoft Azure pourraient \u00eatre confront\u00e9s \u00e0 une latence accrue<br \/>\nen raison de multiples coupures de fibres sous-marines dans la<br \/>\nmer Rouge.\n<\/p>\n<p>\n La soci\u00e9t\u00e9 a indiqu\u00e9 que ses utilisateurs pourraient subir<br \/>\ndes interruptions de service sur les routes de trafic \u00e0 travers<br \/>\nle Moyen-Orient. Azure, le deuxi\u00e8me fournisseur mondial de<br \/>\nservices en nuage apr\u00e8s AWS d&rsquo;Amazon<br \/>\n <a href=\"https:\/\/www.boursorama.com\/cours\/AMZN\/\" target=\"_blank\" rel=\"noopener\"><br \/>\n  AMZN.O<br \/>\n <\/a><br \/>\n , a r\u00e9achemin\u00e9 le<br \/>\ntrafic par d&rsquo;autres voies et le trafic r\u00e9seau n&rsquo;est pas<br \/>\ninterrompu.\n<\/p>\n<p>\n \u00ab\u00a0Nous nous attendons \u00e0 une latence plus \u00e9lev\u00e9e sur certains<br \/>\ntrafics qui passaient auparavant par le Moyen-Orient. Le trafic<br \/>\nr\u00e9seau qui ne passe pas par le Moyen-Orient n&rsquo;est pas affect\u00e9\u00a0\u00bb,<br \/>\na d\u00e9clar\u00e9 Microsoft.<\/p>\n","protected":false},"excerpt":{"rendered":"((Traduction automatis\u00e9e par Reuters \u00e0 l&rsquo;aide de l&rsquo;apprentissage automatique et de l&rsquo;IA g\u00e9n\u00e9rative, veuillez vous r\u00e9f\u00e9rer \u00e0 l&rsquo;avertissement&hellip;\n","protected":false},"author":2,"featured_media":9135,"comment_status":"","ping_status":"","sticky":false,"template":"","format":"standard","meta":{"footnotes":""},"categories":[6],"tags":[400,398,408,35,405,33,34,1011,27,403,402,399,404,401,406,407],"class_list":{"0":"post-374254","1":"post","2":"type-post","3":"status-publish","4":"format-standard","5":"has-post-thumbnail","7":"category-economie","8":"tag-action-cac-40","9":"tag-bourse-de-paris","10":"tag-boursorama","11":"tag-business","12":"tag-cotations","13":"tag-economie","14":"tag-economy","15":"tag-fr","16":"tag-france","17":"tag-indices-devises","18":"tag-investir","19":"tag-investissement","20":"tag-marche-boursier","21":"tag-sicav","22":"tag-trackers","23":"tag-warrants"},"share_on_mastodon":{"url":"https:\/\/pubeurope.com\/@fr\/115166285871883733","error":""},"_links":{"self":[{"href":"https:\/\/www.europesays.com\/fr\/wp-json\/wp\/v2\/posts\/374254","targetHints":{"allow":["GET"]}}],"collection":[{"href":"https:\/\/www.europesays.com\/fr\/wp-json\/wp\/v2\/posts"}],"about":[{"href":"https:\/\/www.europesays.com\/fr\/wp-json\/wp\/v2\/types\/post"}],"author":[{"embeddable":true,"href":"https:\/\/www.europesays.com\/fr\/wp-json\/wp\/v2\/users\/2"}],"replies":[{"embeddable":true,"href":"https:\/\/www.europesays.com\/fr\/wp-json\/wp\/v2\/comments?post=374254"}],"version-history":[{"count":0,"href":"https:\/\/www.europesays.com\/fr\/wp-json\/wp\/v2\/posts\/374254\/revisions"}],"wp:featuredmedia":[{"embeddable":true,"href":"https:\/\/www.europesays.com\/fr\/wp-json\/wp\/v2\/media\/9135"}],"wp:attachment":[{"href":"https:\/\/www.europesays.com\/fr\/wp-json\/wp\/v2\/media?parent=374254"}],"wp:term":[{"taxonomy":"category","embeddable":true,"href":"https:\/\/www.europesays.com\/fr\/wp-json\/wp\/v2\/categories?post=374254"},{"taxonomy":"post_tag","embeddable":true,"href":"https:\/\/www.europesays.com\/fr\/wp-json\/wp\/v2\/tags?post=374254"}],"curies":[{"name":"wp","href":"https:\/\/api.w.org\/{rel}","templated":true}]}}