{"id":374257,"date":"2025-09-08T02:21:11","date_gmt":"2025-09-08T02:21:11","guid":{"rendered":"https:\/\/www.europesays.com\/fr\/374257\/"},"modified":"2025-09-08T02:21:11","modified_gmt":"2025-09-08T02:21:11","slug":"en-cas-de-legislatives-anticipees-le-rn-et-ses-allies-largement-en-tete","status":"publish","type":"post","link":"https:\/\/www.europesays.com\/fr\/374257\/","title":{"rendered":"En cas de l\u00e9gislatives anticip\u00e9es, le RN et ses alli\u00e9s largement en t\u00eate"},"content":{"rendered":"<p>Ce lundi, c\u2019est <a href=\"https:\/\/www.20minutes.fr\/politique\/assemblee_nationale\/4169548-20250826-vote-confiance-assemblee-quoi-article-49-1-constitution-sollicite-francois-bayrou\" class=\"c-link c-link--is-underlined\" target=\"_blank\" rel=\"noopener\">vote de confiance<\/a>. Mercredi, <a href=\"https:\/\/www.20minutes.fr\/politique\/4171627-20250907-bloquons-tout-10-septembre-mouvement-suscite-engouement-majoritaire-chez-francais\" class=\"c-link c-link--is-underlined\" target=\"_blank\" rel=\"noopener\">\u00ab\u00a0bloquons tout\u00a0\u00bb<\/a>. Et bient\u00f4t une <a href=\"https:\/\/www.20minutes.fr\/dossier\/dissolution\" class=\"c-link c-link--is-underlined\" target=\"_blank\" rel=\"noopener\">dissolution de l\u2019Assembl\u00e9e nationale<\/a>\u00a0? Si cette possibilit\u00e9 se pr\u00e9sente, des \u00e9lections l\u00e9gislatives anticip\u00e9es se tiendraient et les favoris de ce scrutin seraient les candidats <a href=\"https:\/\/www.20minutes.fr\/politique\/rassemblement-national\/\" class=\"c-link c-link--is-underlined\" target=\"_blank\" rel=\"noopener\">Rassemblement national<\/a> et leurs alli\u00e9s cornaqu\u00e9s par Eric Ciotti.<\/p>\n<\/p>\n<p>Voici ce qui sort de ce sondage Toluna Harris Interactive pour Challenges* paru ce dimanche\u00a0: le parti de Jordan Bardella et ses alli\u00e9s UDR, le mouvement d\u2019Eric Ciotti, remporteraient 33\u00a0% des suffrages, un score similaire au premier tour de\u00a02024, d\u2019apr\u00e8s cette \u00e9tude.<\/p>\n<p>Une alliance PS\/PCF\/Ecologistes &#8211; sans LFI &#8211; obtiendrait 19\u00a0%, le camp pr\u00e9sidentiel (Renaissance, MoDem, Horizons) 15\u00a0%, <a href=\"https:\/\/www.20minutes.fr\/politique\/france-insoumise\/\" class=\"c-link c-link--is-underlined\" target=\"_blank\" rel=\"noopener\">La France insoumise<\/a> et Les R\u00e9publicains chacun 10\u00a0%.<\/p>\n<p>Quid d\u2019une alliance \u00e0 gauche\u00a0?<\/p>\n<p>En cas d\u2019alliance entre le PS, le PCF, Les Ecologistes et LFI, comme ce fut le cas l\u2019ann\u00e9e derni\u00e8re sous la banni\u00e8re du <a href=\"https:\/\/www.20minutes.fr\/politique\/front-populaire\/\" class=\"c-link c-link--is-underlined\" target=\"_blank\" rel=\"noopener\">Nouveau Front populaire<\/a>, l\u2019alliance de gauche engrange 26\u00a0%, contre 27,99\u00a0% le 30\u00a0juin 2024.<\/p>\n<p>A la veille du vote de confiance sollicit\u00e9 par Fran\u00e7ois Bayrou et qui devrait voir tomber son gouvernement, 49\u00a0% des Fran\u00e7ais demandent la d\u00e9mission d\u2019Emmanuel Macron, 36\u00a0% souhaitent qu\u2019un nouveau Premier ministre soit nomm\u00e9 et 15\u00a0% une dissolution.<\/p>\n<p>*Enqu\u00eate r\u00e9alis\u00e9e en ligne du 4 au 5\u00a0septembre 2025 aupr\u00e8s d\u2019un \u00e9chantillon de 2.307 personnes, repr\u00e9sentatif de la population fran\u00e7aise \u00e2g\u00e9e de 18 ans et plus, selon la m\u00e9thode des quotas. La marge d\u2019erreur est comprise entre 2,5 et 5,8 points.<\/p>\n","protected":false},"excerpt":{"rendered":"Ce lundi, c\u2019est vote de confiance. Mercredi, \u00ab\u00a0bloquons tout\u00a0\u00bb. Et bient\u00f4t une dissolution de l\u2019Assembl\u00e9e nationale\u00a0? Si cette&hellip;\n","protected":false},"author":2,"featured_media":374258,"comment_status":"","ping_status":"","sticky":false,"template":"","format":"standard","meta":{"footnotes":""},"categories":[4],"tags":[47,11,416,422,13281,6537,1011,27,431,1077,430,12,316,3363,2556,25],"class_list":{"0":"post-374257","1":"post","2":"type-post","3":"status-publish","4":"format-standard","5":"has-post-thumbnail","7":"category-france","8":"tag-actualite","9":"tag-actualites","10":"tag-assemblee-nationale","11":"tag-depute","12":"tag-dissolution-de-lassemblee-nationale","13":"tag-eric-ciotti","14":"tag-fr","15":"tag-france","16":"tag-francois-bayrou","17":"tag-jordan-bardella","18":"tag-marine-le-pen","19":"tag-news","20":"tag-politique","21":"tag-premier-ministre","22":"tag-rassemblement-national-rn","23":"tag-republique-francaise"},"share_on_mastodon":{"url":"https:\/\/pubeurope.com\/@fr\/115166293771054351","error":""},"_links":{"self":[{"href":"https:\/\/www.europesays.com\/fr\/wp-json\/wp\/v2\/posts\/374257","targetHints":{"allow":["GET"]}}],"collection":[{"href":"https:\/\/www.europesays.com\/fr\/wp-json\/wp\/v2\/posts"}],"about":[{"href":"https:\/\/www.europesays.com\/fr\/wp-json\/wp\/v2\/types\/post"}],"author":[{"embeddable":true,"href":"https:\/\/www.europesays.com\/fr\/wp-json\/wp\/v2\/users\/2"}],"replies":[{"embeddable":true,"href":"https:\/\/www.europesays.com\/fr\/wp-json\/wp\/v2\/comments?post=374257"}],"version-history":[{"count":0,"href":"https:\/\/www.europesays.com\/fr\/wp-json\/wp\/v2\/posts\/374257\/revisions"}],"wp:featuredmedia":[{"embeddable":true,"href":"https:\/\/www.europesays.com\/fr\/wp-json\/wp\/v2\/media\/374258"}],"wp:attachment":[{"href":"https:\/\/www.europesays.com\/fr\/wp-json\/wp\/v2\/media?parent=374257"}],"wp:term":[{"taxonomy":"category","embeddable":true,"href":"https:\/\/www.europesays.com\/fr\/wp-json\/wp\/v2\/categories?post=374257"},{"taxonomy":"post_tag","embeddable":true,"href":"https:\/\/www.europesays.com\/fr\/wp-json\/wp\/v2\/tags?post=374257"}],"curies":[{"name":"wp","href":"https:\/\/api.w.org\/{rel}","templated":true}]}}