{"id":374267,"date":"2025-09-08T02:28:35","date_gmt":"2025-09-08T02:28:35","guid":{"rendered":"https:\/\/www.europesays.com\/fr\/374267\/"},"modified":"2025-09-08T02:28:35","modified_gmt":"2025-09-08T02:28:35","slug":"premiere-mi-temps-parfaite-pour-le-rc-toulon-contre-montpellier","status":"publish","type":"post","link":"https:\/\/www.europesays.com\/fr\/374267\/","title":{"rendered":"Premi\u00e8re mi-temps parfaite pour le RC Toulon, contre Montpellier !"},"content":{"rendered":"<p>Ce samedi apr\u00e8s-midi, le Rugby Club Toulonnais d\u00e9fie Montpellier \u00e0 l\u2019occasion de la premi\u00e8re journ\u00e9e du Top 14.<\/p>\n<p>Et les Varois ont tr\u00e8s bien d\u00e9but\u00e9 leur saison.<\/p>\n<p>En effet, les Rouge et Noir m\u00e8nent sur le score de 24 \u00e0 3<\/p>\n<p><strong>Le capitaine du MHR, Lenni Nouchi s\u2019est confi\u00e9 au micro de Canal +. Extrait:<\/strong><\/p>\n<p>\u00ab\u00a0Chacun doit faire son r\u00f4le, tout le monde veut expliquer les choses mais personne ne fait son r\u00f4le. Il faut essayer de remonter maintenant.\u00a0\u00bb<\/p>\n<p><strong>Le talonneur Toulonnais Teddy Baubigny a exprim\u00e9 sa satisfaction. Extrait:<\/strong><\/p>\n<p>\u00ab\u00a0Il faut garder ce que nous avons bien fait, c\u2019est \u00e0 dire d\u00e9fendre. En conqu\u00eate on est conqu\u00e9rant. Il faut garder un jeu simple et structurer mais aussi notre \u00e9tat d\u2019esprit.\u00a0\u00bb<\/p>\n","protected":false},"excerpt":{"rendered":"Ce samedi apr\u00e8s-midi, le Rugby Club Toulonnais d\u00e9fie Montpellier \u00e0 l\u2019occasion de la premi\u00e8re journ\u00e9e du Top 14.&hellip;\n","protected":false},"author":2,"featured_media":240818,"comment_status":"","ping_status":"","sticky":false,"template":"","format":"standard","meta":{"footnotes":""},"categories":[9619],"tags":[1111,11,1777,674,1011,27,12,882,25,2310],"class_list":{"0":"post-374267","1":"post","2":"type-post","3":"status-publish","4":"format-standard","5":"has-post-thumbnail","7":"category-toulon","8":"tag-actu","9":"tag-actualites","10":"tag-eu","11":"tag-europe","12":"tag-fr","13":"tag-france","14":"tag-news","15":"tag-provence-alpes-cote-dazur","16":"tag-republique-francaise","17":"tag-toulon"},"share_on_mastodon":{"url":"https:\/\/pubeurope.com\/@fr\/115166321265299212","error":""},"_links":{"self":[{"href":"https:\/\/www.europesays.com\/fr\/wp-json\/wp\/v2\/posts\/374267","targetHints":{"allow":["GET"]}}],"collection":[{"href":"https:\/\/www.europesays.com\/fr\/wp-json\/wp\/v2\/posts"}],"about":[{"href":"https:\/\/www.europesays.com\/fr\/wp-json\/wp\/v2\/types\/post"}],"author":[{"embeddable":true,"href":"https:\/\/www.europesays.com\/fr\/wp-json\/wp\/v2\/users\/2"}],"replies":[{"embeddable":true,"href":"https:\/\/www.europesays.com\/fr\/wp-json\/wp\/v2\/comments?post=374267"}],"version-history":[{"count":0,"href":"https:\/\/www.europesays.com\/fr\/wp-json\/wp\/v2\/posts\/374267\/revisions"}],"wp:featuredmedia":[{"embeddable":true,"href":"https:\/\/www.europesays.com\/fr\/wp-json\/wp\/v2\/media\/240818"}],"wp:attachment":[{"href":"https:\/\/www.europesays.com\/fr\/wp-json\/wp\/v2\/media?parent=374267"}],"wp:term":[{"taxonomy":"category","embeddable":true,"href":"https:\/\/www.europesays.com\/fr\/wp-json\/wp\/v2\/categories?post=374267"},{"taxonomy":"post_tag","embeddable":true,"href":"https:\/\/www.europesays.com\/fr\/wp-json\/wp\/v2\/tags?post=374267"}],"curies":[{"name":"wp","href":"https:\/\/api.w.org\/{rel}","templated":true}]}}