{"id":374270,"date":"2025-09-08T02:30:28","date_gmt":"2025-09-08T02:30:28","guid":{"rendered":"https:\/\/www.europesays.com\/fr\/374270\/"},"modified":"2025-09-08T02:30:28","modified_gmt":"2025-09-08T02:30:28","slug":"age-de-18-ans-il-est-victime-de-coups-de-couteau-en-marge-dun-match-de-football-a-la-mosson-a-montpellier","status":"publish","type":"post","link":"https:\/\/www.europesays.com\/fr\/374270\/","title":{"rendered":"\u00c2g\u00e9 de 18 ans, il est victime de coups de couteau en marge d\u2019un match de football \u00e0 la Mosson, \u00e0 Montpellier"},"content":{"rendered":"<p>\n                                                                Un jeune a \u00e9t\u00e9 poursuivi par plusieurs personnes avant d\u2019\u00eatre frapp\u00e9, samedi 6\u00a0septembre, avenue de Heidelberg. Les faits ont entra\u00een\u00e9 l\u2019interruption d\u2019un match de football \u00e0 la Mosson.\n                            <\/p>\n<p>De nombreux\u00a0spectateurs qui assistaient au match de football de R\u00e9gional 1 entre\u00a0Atlas Paillade et le\u00a0FU Narbonne, sur un terrain annexe de la Mosson, ont \u00e9t\u00e9 t\u00e9moins d\u2019une agression qui a m\u00eame entra\u00een\u00e9 l\u2019arr\u00eat du match pendant quelques minutes.<\/p>\n<p>Ce samedi 6\u00a0septembre, peu avant 19\u00a0h, plusieurs personnes ont poursuivi un\u00a0jeune homme de 18 ans sur l\u2019avenue de Heidelberg. Des coups de couteau ont ensuite \u00e9t\u00e9 port\u00e9s \u00e0 la victime.<\/p>\n<p>    Le staff m\u00e9dical de l\u2019Atlas Paillade a secouru la victime<\/p>\n<p>Dans un communiqu\u00e9, le club de Montpellier Atlas Paillade a rappel\u00e9 qu\u2019il n\u2019y avait aucun lien entre ces faits et le match. \u00ab\u00a0Le jeune agress\u00e9 \u00e9tait poursuivi par trois individus depuis l\u2019ext\u00e9rieur du stade. Cherchant \u00e0 se prot\u00e9ger, il s\u2019est r\u00e9fugi\u00e9 du c\u00f4t\u00e9 du parking du Montpellier H\u00e9rault, o\u00f9 les agresseurs ont malheureusement r\u00e9ussi \u00e0 le rattraper et \u00e0 lui porter plusieurs coups de couteau. Notre staff m\u00e9dical est imm\u00e9diatement intervenu pour prodiguer les premiers secours, permettant de stabiliser la victime avant l\u2019arriv\u00e9e rapide des pompiers. Gr\u00e2ce \u00e0 cette r\u00e9activit\u00e9, la vie de la victime n\u2019est pas en danger.\u00a0\u00bb<\/p>\n<p>Entendu par la police<\/p>\n<p>Pris en\u00a0charge par le Samu, il a \u00e9t\u00e9 transport\u00e9 au CHU Lapeyronie. Ses jours ne sont pas en danger, aucun organe vital n\u2019ayant \u00e9t\u00e9 touch\u00e9.<\/p>\n<p>Selon la police, ces faits n\u2019auraient pas de lien avec le match de football qui se d\u00e9roulait \u00e0 proximit\u00e9 des lieux de l\u2019agression.<\/p>\n<p>Le jeune bless\u00e9 va \u00eatre entendu dans le cadre de l\u2019enqu\u00eate visant \u00e0 d\u00e9terminer\u00a0les raisons de cette agression et identifier les auteurs.<\/p>\n","protected":false},"excerpt":{"rendered":"Un jeune a \u00e9t\u00e9 poursuivi par plusieurs personnes avant d\u2019\u00eatre frapp\u00e9, samedi 6\u00a0septembre, avenue de Heidelberg. Les faits&hellip;\n","protected":false},"author":2,"featured_media":374271,"comment_status":"","ping_status":"","sticky":false,"template":"","format":"standard","meta":{"footnotes":""},"categories":[9599],"tags":[1111,11,1777,674,1011,27,2208,12,2680,25],"class_list":{"0":"post-374270","1":"post","2":"type-post","3":"status-publish","4":"format-standard","5":"has-post-thumbnail","7":"category-montpellier","8":"tag-actu","9":"tag-actualites","10":"tag-eu","11":"tag-europe","12":"tag-fr","13":"tag-france","14":"tag-montpellier","15":"tag-news","16":"tag-occitanie","17":"tag-republique-francaise"},"share_on_mastodon":{"url":"https:\/\/pubeurope.com\/@fr\/115166329105129915","error":""},"_links":{"self":[{"href":"https:\/\/www.europesays.com\/fr\/wp-json\/wp\/v2\/posts\/374270","targetHints":{"allow":["GET"]}}],"collection":[{"href":"https:\/\/www.europesays.com\/fr\/wp-json\/wp\/v2\/posts"}],"about":[{"href":"https:\/\/www.europesays.com\/fr\/wp-json\/wp\/v2\/types\/post"}],"author":[{"embeddable":true,"href":"https:\/\/www.europesays.com\/fr\/wp-json\/wp\/v2\/users\/2"}],"replies":[{"embeddable":true,"href":"https:\/\/www.europesays.com\/fr\/wp-json\/wp\/v2\/comments?post=374270"}],"version-history":[{"count":0,"href":"https:\/\/www.europesays.com\/fr\/wp-json\/wp\/v2\/posts\/374270\/revisions"}],"wp:featuredmedia":[{"embeddable":true,"href":"https:\/\/www.europesays.com\/fr\/wp-json\/wp\/v2\/media\/374271"}],"wp:attachment":[{"href":"https:\/\/www.europesays.com\/fr\/wp-json\/wp\/v2\/media?parent=374270"}],"wp:term":[{"taxonomy":"category","embeddable":true,"href":"https:\/\/www.europesays.com\/fr\/wp-json\/wp\/v2\/categories?post=374270"},{"taxonomy":"post_tag","embeddable":true,"href":"https:\/\/www.europesays.com\/fr\/wp-json\/wp\/v2\/tags?post=374270"}],"curies":[{"name":"wp","href":"https:\/\/api.w.org\/{rel}","templated":true}]}}