{"id":374272,"date":"2025-09-08T02:36:46","date_gmt":"2025-09-08T02:36:46","guid":{"rendered":"https:\/\/www.europesays.com\/fr\/374272\/"},"modified":"2025-09-08T02:36:46","modified_gmt":"2025-09-08T02:36:46","slug":"mercato-avant-daffronter-lasse-grenoble-se-renforce","status":"publish","type":"post","link":"https:\/\/www.europesays.com\/fr\/374272\/","title":{"rendered":"Mercato &#8211; Avant d&rsquo;affronter l&rsquo;ASSE, Grenoble se renforce"},"content":{"rendered":"<p>Comme nous l&rsquo;\u00e9voquions en d\u00e9but de semaine, le d\u00e9but de saison est compliqu\u00e9 pour Grenoble avec deux d\u00e9faites et un nul en trois journ\u00e9es. Le Red Kaos, le principal groupe de supporters du GF38, a tir\u00e9 la sonnette d&rsquo;alarme ce dimanche alors que le mercato va bient\u00f4t fermer ses portes. Les ultras grenoblois ont d\u00e9pos\u00e9 un message sur les locaux du club au Stade des Alpes : \u00ab\u00a0URGENCE MERCATO : Rosnoblet, des recrues d&rsquo;exp\u00e9rience pour sauver un d\u00e9but de saison catastrophique.\u00a0\u00bb<\/p>\n<p>Les supporters grenoblois semblent avoir \u00e9t\u00e9 entendus puisque le Grenoble Foot 38 a annonc\u00e9 ce mercredi l&rsquo;arriv\u00e9e de l&rsquo;attaquant <strong>Evans Maurin<\/strong> en provenance de Grasshopper Club Z\u00fcrich. Il s&rsquo;est engag\u00e9 pour les trois prochaines saisons dans l&rsquo;Is\u00e8re. Ce dernier s\u2019est r\u00e9v\u00e9l\u00e9 au FC Chiasso avec 19 buts inscrits en 32 matchs. Toujours en Suisse, il a ensuite \u00e9volu\u00e9 \u00e0 Yverdon et donc au Grasshopper avec un succ\u00e8s moindre.<\/p>\n<p>chevron_right \u00c0 lire aussi<\/p>\n<p>Le GF38 a \u00e9galement annonc\u00e9 un d\u00e9part ce mercredi : celui de <strong>Bachirou Yameogo<\/strong> pour Sport Clube Uni\u00e3o Torreense au Portugal. Le joueur voulait b\u00e9n\u00e9ficier de plus de temps de jeu.<\/p>\n<p>\u00c0 noter qu&rsquo;un nouveau message a fait son apparition, cette fois-ci au centre d&rsquo;entra\u00eenement du Grenoble Foot 38. Il est une nouvelle fois l&rsquo;\u0153uvre du Red Kaos : \u00ab\u00a0Joueurs\/staff : Samedi vous avez l&rsquo;honneur de faire rayonner nos couleurs, alors soyez \u00e0 la hauteur.\u00a0\u00bb<\/p>\n","protected":false},"excerpt":{"rendered":"Comme nous l&rsquo;\u00e9voquions en d\u00e9but de semaine, le d\u00e9but de saison est compliqu\u00e9 pour Grenoble avec deux d\u00e9faites&hellip;\n","protected":false},"author":2,"featured_media":374273,"comment_status":"","ping_status":"","sticky":false,"template":"","format":"standard","meta":{"footnotes":""},"categories":[9566],"tags":[1111,11,2430,1777,674,1011,27,2731,12,25],"class_list":{"0":"post-374272","1":"post","2":"type-post","3":"status-publish","4":"format-standard","5":"has-post-thumbnail","7":"category-grenoble","8":"tag-actu","9":"tag-actualites","10":"tag-auvergne-rhone-alpes","11":"tag-eu","12":"tag-europe","13":"tag-fr","14":"tag-france","15":"tag-grenoble","16":"tag-news","17":"tag-republique-francaise"},"share_on_mastodon":{"url":"https:\/\/pubeurope.com\/@fr\/115166352674606054","error":""},"_links":{"self":[{"href":"https:\/\/www.europesays.com\/fr\/wp-json\/wp\/v2\/posts\/374272","targetHints":{"allow":["GET"]}}],"collection":[{"href":"https:\/\/www.europesays.com\/fr\/wp-json\/wp\/v2\/posts"}],"about":[{"href":"https:\/\/www.europesays.com\/fr\/wp-json\/wp\/v2\/types\/post"}],"author":[{"embeddable":true,"href":"https:\/\/www.europesays.com\/fr\/wp-json\/wp\/v2\/users\/2"}],"replies":[{"embeddable":true,"href":"https:\/\/www.europesays.com\/fr\/wp-json\/wp\/v2\/comments?post=374272"}],"version-history":[{"count":0,"href":"https:\/\/www.europesays.com\/fr\/wp-json\/wp\/v2\/posts\/374272\/revisions"}],"wp:featuredmedia":[{"embeddable":true,"href":"https:\/\/www.europesays.com\/fr\/wp-json\/wp\/v2\/media\/374273"}],"wp:attachment":[{"href":"https:\/\/www.europesays.com\/fr\/wp-json\/wp\/v2\/media?parent=374272"}],"wp:term":[{"taxonomy":"category","embeddable":true,"href":"https:\/\/www.europesays.com\/fr\/wp-json\/wp\/v2\/categories?post=374272"},{"taxonomy":"post_tag","embeddable":true,"href":"https:\/\/www.europesays.com\/fr\/wp-json\/wp\/v2\/tags?post=374272"}],"curies":[{"name":"wp","href":"https:\/\/api.w.org\/{rel}","templated":true}]}}