{"id":374276,"date":"2025-09-08T02:43:10","date_gmt":"2025-09-08T02:43:10","guid":{"rendered":"https:\/\/www.europesays.com\/fr\/374276\/"},"modified":"2025-09-08T02:43:10","modified_gmt":"2025-09-08T02:43:10","slug":"le-prefet-rappelle-le-maire-de-nice-a-lordre-apres-la-diffusion-dun-bulletin-municipal","status":"publish","type":"post","link":"https:\/\/www.europesays.com\/fr\/374276\/","title":{"rendered":"Le pr\u00e9fet rappelle le maire de Nice \u00e0 l\u2019ordre apr\u00e8s la diffusion d&rsquo;un bulletin municipal"},"content":{"rendered":"<p>Y a-t-il eu un manquement au respect du droit d\u2019expression des groupes d\u2019opposition dans une publication de la Ville?<\/p>\n<p>Alert\u00e9 par les \u00e9lus \u00e9cologistes, le pr\u00e9fet a confirm\u00e9 les soup\u00e7ons des opposants au maire concernant le livret Lib\u00e9ration Borriglione Le Ray Saint-Maurice: \u00ab\u00a0J\u2019ai pris connaissance de cette publication et constate qu\u2019elle contrevient aux exigences l\u00e9gales.\u00a0\u00bb<\/p>\n<p>\u00ab\u00a0Il n\u2019appartient pas au pr\u00e9fet, sp\u00e9cifie cependant le repr\u00e9sentant de l\u2019\u00c9tat dans le d\u00e9partement, de se prononcer sur d\u2019\u00e9ventuelles rectifications ou r\u00e9parations en cas de manquement aux r\u00e8gles de publication. Il vous appartient donc, si vous le souhaitez, de saisir le juge administratif. Toutefois, je vous informe que j\u2019adresse ce jour un courrier au maire de Nice pour rappeler les obligations qui d\u00e9coulent de l\u2019article\u00a0\u00bb vis\u00e9 du Code g\u00e9n\u00e9ral des collectivit\u00e9s territoriales.<\/p>\n<p>\u00ab\u00a0Pas en lien avec la p\u00e9riode pr\u00e9\u00e9lectorale\u00a0\u00bb<\/p>\n<p>D\u00e9but ao\u00fbt, l\u2019\u00e9lu \u00e9cologiste Jean-Christophe Picard s\u2019\u00e9tait formalis\u00e9 d\u2019une \u00ab\u00a0luxueuse propagande pay\u00e9e par les contribuables\u00a0\u00bb re\u00e7ue par de nombreux Ni\u00e7ois dans leur bo\u00eete aux lettres. \u00ab\u00a056 pages sur papier glac\u00e9\u00a0\u00bb sans espace d\u2019expression d\u00e9di\u00e9 aux deux autres groupes municipaux, le tout \u00ab\u00a0en p\u00e9riode pr\u00e9\u00e9lectorale\u00a0\u00bb.<\/p>\n<p>La Ville s\u2019\u00e9tait d\u00e9fendue: \u00ab\u00a0Ces fascicules, r\u00e9alis\u00e9s en r\u00e9gie municipale par les Ateliers du Livre, ont \u00e9t\u00e9 distribu\u00e9s \u00e0 l\u2019occasion des r\u00e9unions de quartier \u00ab\u00a0\u00c0 vous la parole!\u00a0\u00bb, lanc\u00e9es il y a plusieurs mois, et ne sont donc pas en lien avec la p\u00e9riode pr\u00e9\u00e9lectorale\u00a0\u00bb.<\/p>\n<p>\u00ab\u00a0Les tribunes d\u2019expression du groupe de la majorit\u00e9 municipale, comme celles de l\u2019opposition, sont publi\u00e9es conform\u00e9ment \u00e0 la loi dans le magazine municipal et sur le site internet de la Ville de Nice\u00a0\u00bb, avaient encore argument\u00e9 les services du maire Christian Estrosi, candidat \u00e0 sa succession en mars.<\/p>\n","protected":false},"excerpt":{"rendered":"Y a-t-il eu un manquement au respect du droit d\u2019expression des groupes d\u2019opposition dans une publication de la&hellip;\n","protected":false},"author":2,"featured_media":374277,"comment_status":"","ping_status":"","sticky":false,"template":"","format":"standard","meta":{"footnotes":""},"categories":[2819],"tags":[1111,11,1777,674,1011,27,12,2401,316,882,25],"class_list":{"0":"post-374276","1":"post","2":"type-post","3":"status-publish","4":"format-standard","5":"has-post-thumbnail","7":"category-nice","8":"tag-actu","9":"tag-actualites","10":"tag-eu","11":"tag-europe","12":"tag-fr","13":"tag-france","14":"tag-news","15":"tag-nice","16":"tag-politique","17":"tag-provence-alpes-cote-dazur","18":"tag-republique-francaise"},"share_on_mastodon":{"url":"https:\/\/pubeurope.com\/@fr\/115166380255395399","error":""},"_links":{"self":[{"href":"https:\/\/www.europesays.com\/fr\/wp-json\/wp\/v2\/posts\/374276","targetHints":{"allow":["GET"]}}],"collection":[{"href":"https:\/\/www.europesays.com\/fr\/wp-json\/wp\/v2\/posts"}],"about":[{"href":"https:\/\/www.europesays.com\/fr\/wp-json\/wp\/v2\/types\/post"}],"author":[{"embeddable":true,"href":"https:\/\/www.europesays.com\/fr\/wp-json\/wp\/v2\/users\/2"}],"replies":[{"embeddable":true,"href":"https:\/\/www.europesays.com\/fr\/wp-json\/wp\/v2\/comments?post=374276"}],"version-history":[{"count":0,"href":"https:\/\/www.europesays.com\/fr\/wp-json\/wp\/v2\/posts\/374276\/revisions"}],"wp:featuredmedia":[{"embeddable":true,"href":"https:\/\/www.europesays.com\/fr\/wp-json\/wp\/v2\/media\/374277"}],"wp:attachment":[{"href":"https:\/\/www.europesays.com\/fr\/wp-json\/wp\/v2\/media?parent=374276"}],"wp:term":[{"taxonomy":"category","embeddable":true,"href":"https:\/\/www.europesays.com\/fr\/wp-json\/wp\/v2\/categories?post=374276"},{"taxonomy":"post_tag","embeddable":true,"href":"https:\/\/www.europesays.com\/fr\/wp-json\/wp\/v2\/tags?post=374276"}],"curies":[{"name":"wp","href":"https:\/\/api.w.org\/{rel}","templated":true}]}}