{"id":374278,"date":"2025-09-08T02:44:14","date_gmt":"2025-09-08T02:44:14","guid":{"rendered":"https:\/\/www.europesays.com\/fr\/374278\/"},"modified":"2025-09-08T02:44:14","modified_gmt":"2025-09-08T02:44:14","slug":"on-vous-explique-pourquoi-lhopital-de-grasse-fait-desormais-de-la-chirurgie-pediatrique","status":"publish","type":"post","link":"https:\/\/www.europesays.com\/fr\/374278\/","title":{"rendered":"On vous explique pourquoi l\u2019h\u00f4pital de Grasse fait d\u00e9sormais de la chirurgie p\u00e9diatrique"},"content":{"rendered":"<p>Plus proche, plus facile, plus efficace. Le 10 juin, le centre hospitalier de Grasse a re\u00e7u l\u2019autorisation d\u2019exercer de la chirurgie p\u00e9diatrique pour les enfants de 3 \u00e0 15 ans.<\/p>\n<p>Depuis le mois de juillet, pour ce qui est des interventions digestives et urologiques, plus besoin d\u2019aller jusqu\u2019\u00e0 l\u2019h\u00f4pital Lenval, \u00e0 Nice: les enfants sont directement pris en charge ici par deux chirurgiens p\u00e9diatriques.<\/p>\n<p>L\u2019un d\u2019eux, le docteur Henri Steyaert, a exerc\u00e9 une vingtaine d\u2019ann\u00e9es \u00e0 Lenval avant de devenir chef de service et professeur de chirurgie p\u00e9diatrique \u00e0 l\u2019Universit\u00e9 libre de Bruxelles.<\/p>\n<p>En \u00e2ge de prendre sa retraite, ce passionn\u00e9 n\u2019a pas h\u00e9sit\u00e9 quand l\u2019h\u00f4pital de Grasse a demand\u00e9 son aide pour monter ce projet. Il nous en donne tous les d\u00e9tails.<\/p>\n<p><strong>Quels \u00e9taient les atouts de l\u2019h\u00f4pital pour ouvrir ce service?<\/strong><\/p>\n<p>Lorsque nous avons mont\u00e9 le dossier, nous nous sommes appuy\u00e9s sur deux choses: d\u2019abord, l\u2019h\u00f4pital \u00e9tait d\u00e9j\u00e0 dot\u00e9 d\u2019un service de p\u00e9diatrie. Et puis, il avait la chance d\u2019avoir sur place des anesth\u00e9sistes sp\u00e9cialis\u00e9s dans les enfants. L\u2019\u00e9tablissement remplissait donc les crit\u00e8res de l\u2019ARS [agence r\u00e9gionale de sant\u00e9].<\/p>\n<p><strong>Quelles sont les pathologies que vous traitez?<\/strong><\/p>\n<p>Les anomalies les plus fr\u00e9quentes chez les petits enfants qu\u2019on op\u00e8re en h\u00f4pital de jour, sont la hernie inguinale (1), l\u2019hydroc\u00e8le (2) et la non-descente testiculaire. Et puis il y a tous les probl\u00e8mes de zizi: le phimosis, lorsqu\u2019on ne peut pas d\u00e9calotter, les infections du gland, les anomalies du m\u00e9at urinaire.<\/p>\n<p><strong>Vous utilisez la r\u00e9alit\u00e9 virtuelle pour aider les enfants \u00e0 se d\u00e9tendre\u2026<\/strong><\/p>\n<p>Oui, avant de partir au bloc op\u00e9ratoire, on leur pose un casque et ils choisissent un monde. Ils peuvent \u00eatre dans la montagne ou nager avec les poissons et nous, on les accompagne dans leur histoire en leur parlant. Comme \u00e7a, ils ne se rendent m\u00eame pas compte qu\u2019ils sont au bloc. \u00c7a r\u00e9duit les traumatismes et les pr\u00e9m\u00e9dications contre le stress.<\/p>\n<p><strong>Quelles sont les conditions d\u2019admission?<\/strong><\/p>\n<p>N\u2019importe quel parent peut appeler le secr\u00e9tariat p\u00e9diatrie au 04.93.09.55.04. pour prendre rendez-vous pour une consultation.<\/p>\n<p><strong>Il y a d\u00e9sormais aussi des consultations orthop\u00e9diques?<\/strong><\/p>\n<p>Un orthop\u00e9diste de Lenval vient une fois par mois consulter ici. Il n\u2019op\u00e8re pas ici mais \u00e0 Lenval car, en orthop\u00e9die, le besoin de mat\u00e9riel est \u00e9norme, tr\u00e8s co\u00fbteux et ils ont d\u00e9j\u00e0 tout.<\/p>\n<p><strong>Quels sont vos objectifs?<\/strong><\/p>\n<p>Une fois que la structure sera bien mise en place et que l\u2019ouverture du nouveau bloc op\u00e9ratoire sera effective d\u2019ici la fin de l\u2019ann\u00e9e, j\u2019esp\u00e8re que nous pourrons prendre en charge les enfants \u00e0 partir d\u2019un an. Nous voulons aussi d\u00e9velopper les soins dentaires chez les enfants autistes ou polyhandicap\u00e9s. Actuellement, je caricature mais, on les endort et leur arrache les dents car ils bougent beaucoup et c\u2019est tr\u00e8s difficile de les soigner. Sauf \u00e0 Marseille, il n\u2019y a aucune structure dans la r\u00e9gion qui offre des soins \u00e0 ces enfants mais ici, on le fera. Trois chirurgiens-dentistes se relayeront d\u2019ici janvier prochain, l\u2019h\u00f4pital doit investir dans le mat\u00e9riel n\u00e9cessaire.<\/p>\n<p>1. Anomalie cong\u00e9nitale<\/p>\n<p>2. Accumulation de liquide dans une \u00ab\u00a0poche\u00a0\u00bb entourant le testicule.<\/p>\n","protected":false},"excerpt":{"rendered":"Plus proche, plus facile, plus efficace. Le 10 juin, le centre hospitalier de Grasse a re\u00e7u l\u2019autorisation d\u2019exercer&hellip;\n","protected":false},"author":2,"featured_media":374279,"comment_status":"","ping_status":"","sticky":false,"template":"","format":"standard","meta":{"footnotes":""},"categories":[2819],"tags":[1111,11,1777,674,1011,27,12,2401,882,25,71],"class_list":{"0":"post-374278","1":"post","2":"type-post","3":"status-publish","4":"format-standard","5":"has-post-thumbnail","7":"category-nice","8":"tag-actu","9":"tag-actualites","10":"tag-eu","11":"tag-europe","12":"tag-fr","13":"tag-france","14":"tag-news","15":"tag-nice","16":"tag-provence-alpes-cote-dazur","17":"tag-republique-francaise","18":"tag-sante"},"share_on_mastodon":{"url":"https:\/\/pubeurope.com\/@fr\/115166384161332854","error":""},"_links":{"self":[{"href":"https:\/\/www.europesays.com\/fr\/wp-json\/wp\/v2\/posts\/374278","targetHints":{"allow":["GET"]}}],"collection":[{"href":"https:\/\/www.europesays.com\/fr\/wp-json\/wp\/v2\/posts"}],"about":[{"href":"https:\/\/www.europesays.com\/fr\/wp-json\/wp\/v2\/types\/post"}],"author":[{"embeddable":true,"href":"https:\/\/www.europesays.com\/fr\/wp-json\/wp\/v2\/users\/2"}],"replies":[{"embeddable":true,"href":"https:\/\/www.europesays.com\/fr\/wp-json\/wp\/v2\/comments?post=374278"}],"version-history":[{"count":0,"href":"https:\/\/www.europesays.com\/fr\/wp-json\/wp\/v2\/posts\/374278\/revisions"}],"wp:featuredmedia":[{"embeddable":true,"href":"https:\/\/www.europesays.com\/fr\/wp-json\/wp\/v2\/media\/374279"}],"wp:attachment":[{"href":"https:\/\/www.europesays.com\/fr\/wp-json\/wp\/v2\/media?parent=374278"}],"wp:term":[{"taxonomy":"category","embeddable":true,"href":"https:\/\/www.europesays.com\/fr\/wp-json\/wp\/v2\/categories?post=374278"},{"taxonomy":"post_tag","embeddable":true,"href":"https:\/\/www.europesays.com\/fr\/wp-json\/wp\/v2\/tags?post=374278"}],"curies":[{"name":"wp","href":"https:\/\/api.w.org\/{rel}","templated":true}]}}