{"id":374300,"date":"2025-09-08T03:01:11","date_gmt":"2025-09-08T03:01:11","guid":{"rendered":"https:\/\/www.europesays.com\/fr\/374300\/"},"modified":"2025-09-08T03:01:11","modified_gmt":"2025-09-08T03:01:11","slug":"40-ans-apres-la-catastrophe-une-association-lance-un-appel-aux-ramasseurs-de-champignons-pour-analyser-la-contamination-des-sols","status":"publish","type":"post","link":"https:\/\/www.europesays.com\/fr\/374300\/","title":{"rendered":"40 ans apr\u00e8s la catastrophe, une association lance un appel aux ramasseurs de champignons pour analyser la contamination des sols"},"content":{"rendered":"\n<p class=\"c-chapo \">\n  Le but de cette nouvelle \u00e9tude est de voir si la situation s&rsquo;est am\u00e9lior\u00e9e depuis 2016, ann\u00e9e d&rsquo;une pr\u00e9c\u00e9dente enqu\u00eate similaire. \u00ab\u00a0Il y a dix ans, 80% des champignons collect\u00e9s puis analys\u00e9s pr\u00e9sentaient la pr\u00e9sence d&rsquo;\u00e9l\u00e9ments radioactifs rejet\u00e9s \u00e0 l&rsquo;\u00e9poque par Tchernobyl\u00a0\u00bb, rappelle l&rsquo;Arco.\n<\/p>\n<p>            lire plus tard<\/p>\n<p id=\"dialog__title\" class=\"dialog__title\">Pour sauvegarder cet article, connectez-vous ou cr\u00e9ez un compte franceinfo<\/p>\n<p class=\"dialog__description\">Sans paiement. Sans abonnement.<\/p>\n<p>        Fermer la fen\u00eatre d\u2019activation des notifications France Info<\/p>\n<p>            cr\u00e9er votre compte<\/p>\n<p>            se connecter<\/p>\n<p>        Fermer la fen\u00eatre de pr\u00e9sentation<\/p>\n<p>    Publi\u00e9 le 07\/09\/2025 19:51<\/p>\n<p>        Temps de lecture : 2min<\/p>\n<p>    <img decoding=\"async\"  alt=\"Des c\u00e8pes dans un panier. Image d'illustration. (RICHARD BRUNEL \/ MAXPPP)\" width=\"432\" height=\"243\" src=\"https:\/\/www.europesays.com\/fr\/wp-content\/uploads\/2025\/09\/maxstockworld474822-68bdc4620057c323750703.jpg\" fetchpriority=\"high\"\/><\/p>\n<p>      Des c\u00e8pes dans un panier. Image d&rsquo;illustration. (RICHARD BRUNEL \/ MAXPPP)<\/p>\n<p>L&rsquo;Association pour le contr\u00f4le de la radioactivit\u00e9 dans l&rsquo;Ouest (Acro) souhaite r\u00e9aliser un \u00e9tat des lieux sur la contamination des sols, 40 ans apr\u00e8s la <a href=\"https:\/\/www.franceinfo.fr\/monde\/europe\/tchernobyl\/\" rel=\"nofollow noopener\" target=\"_blank\">catastrophe nucl\u00e9aire de Tchernobyl<\/a>, et lance un appel aux ramasseurs de champignons, rapporte dimanche 7 septembre <a href=\"https:\/\/www.francebleu.fr\/infos\/environnement\/vos-champignons-peuvent-permettre-de-mesurer-les-traces-de-tchernobyl-l-appel-de-l-accro-dans-le-calvados-7736480\" target=\"_blank\" rel=\"noopener nofollow\">ICI Normandie<\/a>.<\/p>\n<p>L&rsquo;Acro, bas\u00e9e \u00e0 H\u00e9rouville-Saint-Clair (Calvados), compte sur une collecte participative de champignons pour mesurer l&rsquo;\u00e9ventuelle contamination des sols. L&rsquo;association souhaite publier une nouvelle \u00e9tude pour le quaranti\u00e8me anniversaire du plus grave accident nucl\u00e9aire survenu sur le continent europ\u00e9en, en 1986. \u00ab\u00a0Les champignons sont les produits les plus sensibles \u00e0 la contamination des sols. Ils ont la propri\u00e9t\u00e9 d&rsquo;absorber par leurs constituants tout ce qui est potentiellement pr\u00e9sent dans les sols\u00a0\u00bb, explique Myl\u00e8ne Josset, coordinatrice pour l&rsquo;Acro. Elle pr\u00e9cise que \u00ab\u00a0ces champignons seront r\u00e9duits en poudre pour \u00eatre analys\u00e9s dans notre laboratoire agr\u00e9\u00e9\u00a0\u00bb.\u00a0<br \/>\u00a0<br \/>Le but de cette \u00e9tude est de voir si la situation s&rsquo;est am\u00e9lior\u00e9e depuis 2016, ann\u00e9e d&rsquo;une pr\u00e9c\u00e9dente enqu\u00eate similaire men\u00e9e 30 ans apr\u00e8s Tchernobyl. \u00ab\u00a0Il y a dix ans, 80% des champignons collect\u00e9s puis analys\u00e9s pr\u00e9sentaient la pr\u00e9sence d&rsquo;\u00e9l\u00e9ments radioactifs rejet\u00e9s \u00e0 l&rsquo;\u00e9poque par Tchernobyl\u00a0\u00bb, rappelle la responsable de l\u2019Acro. Des traces de C\u00e9sium-137 avaient \u00e9t\u00e9 relev\u00e9es, essentiellement dans les lots de champignons ramass\u00e9s dans l\u2019est de la France, mais des pr\u00e9l\u00e8vements en Normandie \u00e9taient aussi contamin\u00e9s.<\/p>\n<p>Quant \u00e0 savoir si cela est dangereux pour la sant\u00e9, Myl\u00e8ne Josset explique que c&rsquo;est \u00ab\u00a0toujours compliqu\u00e9 de dire si la dangerosit\u00e9 est av\u00e9r\u00e9e pour les consommateurs\u00a0\u00bb. Elle ajoute qu'\u00a0\u00bbil n&rsquo;y a pas de seuil d&rsquo;innocuit\u00e9, donc il n&rsquo;y a pas un seuil en dessous duquel il n&rsquo;y aurait pas de cons\u00e9quences sur la sant\u00e9\u00a0\u00bb. La responsable se veut tout de m\u00eame rassurante : \u00ab\u00a0Heureusement, on est sur des niveaux de contamination bas et sur des produits consomm\u00e9s occasionnellement\u00a0\u00bb. \u00a0<br \/>\u00a0<br \/>Myl\u00e8ne Josset esp\u00e8re recevoir au moins une centaine de lots de champignons pour cette nouvelle \u00e9tude qui devrait, th\u00e9oriquement, indiquer une pr\u00e9sence de C\u00e9sium-137 en baisse par rapport \u00e0 2016. Ceux qui souhaitent participer doivent envoyer 300 grammes d&rsquo;une m\u00eame esp\u00e8ce (c\u00e8pes, chanterelles, pieds de cochon, etc.) dans un sac bien ferm\u00e9 et le plus vite possible apr\u00e8s les avoir ramass\u00e9s. Pour savoir o\u00f9 l&rsquo;envoyer et les modalit\u00e9s de cet envoi, il faut se rendre <a href=\"https:\/\/www.acro.eu.org\/40-ans-apres-laccident-de-tchernobyl-lancement-de-la-campagne-de-prelevements-de-champignons\/\" target=\"_blank\" rel=\"noopener nofollow\">sur le site de l&rsquo;association<\/a>.\u00a0<\/p>\n","protected":false},"excerpt":{"rendered":"Le but de cette nouvelle \u00e9tude est de voir si la situation s&rsquo;est am\u00e9lior\u00e9e depuis 2016, ann\u00e9e d&rsquo;une&hellip;\n","protected":false},"author":2,"featured_media":374301,"comment_status":"","ping_status":"","sticky":false,"template":"","format":"standard","meta":{"footnotes":""},"categories":[1888],"tags":[1111,1928,11,1927,1777,674,1011,27,12,1926,626,1925,25],"class_list":{"0":"post-374300","1":"post","2":"type-post","3":"status-publish","4":"format-standard","5":"has-post-thumbnail","7":"category-paris","8":"tag-actu","9":"tag-actu-paris","10":"tag-actualites","11":"tag-actualites-paris","12":"tag-eu","13":"tag-europe","14":"tag-fr","15":"tag-france","16":"tag-news","17":"tag-news-paris","18":"tag-paris","19":"tag-paris-news","20":"tag-republique-francaise"},"share_on_mastodon":{"url":"https:\/\/pubeurope.com\/@fr\/115166451062399997","error":""},"_links":{"self":[{"href":"https:\/\/www.europesays.com\/fr\/wp-json\/wp\/v2\/posts\/374300","targetHints":{"allow":["GET"]}}],"collection":[{"href":"https:\/\/www.europesays.com\/fr\/wp-json\/wp\/v2\/posts"}],"about":[{"href":"https:\/\/www.europesays.com\/fr\/wp-json\/wp\/v2\/types\/post"}],"author":[{"embeddable":true,"href":"https:\/\/www.europesays.com\/fr\/wp-json\/wp\/v2\/users\/2"}],"replies":[{"embeddable":true,"href":"https:\/\/www.europesays.com\/fr\/wp-json\/wp\/v2\/comments?post=374300"}],"version-history":[{"count":0,"href":"https:\/\/www.europesays.com\/fr\/wp-json\/wp\/v2\/posts\/374300\/revisions"}],"wp:featuredmedia":[{"embeddable":true,"href":"https:\/\/www.europesays.com\/fr\/wp-json\/wp\/v2\/media\/374301"}],"wp:attachment":[{"href":"https:\/\/www.europesays.com\/fr\/wp-json\/wp\/v2\/media?parent=374300"}],"wp:term":[{"taxonomy":"category","embeddable":true,"href":"https:\/\/www.europesays.com\/fr\/wp-json\/wp\/v2\/categories?post=374300"},{"taxonomy":"post_tag","embeddable":true,"href":"https:\/\/www.europesays.com\/fr\/wp-json\/wp\/v2\/tags?post=374300"}],"curies":[{"name":"wp","href":"https:\/\/api.w.org\/{rel}","templated":true}]}}