{"id":374304,"date":"2025-09-08T03:03:34","date_gmt":"2025-09-08T03:03:34","guid":{"rendered":"https:\/\/www.europesays.com\/fr\/374304\/"},"modified":"2025-09-08T03:03:34","modified_gmt":"2025-09-08T03:03:34","slug":"arrivee-du-quinte-du-dimanche-7-septembre-a-parislongchamp-chaldero-honore-son-statut-de-favori","status":"publish","type":"post","link":"https:\/\/www.europesays.com\/fr\/374304\/","title":{"rendered":"Arriv\u00e9e du quint\u00e9 du dimanche 7\u00a0septembre \u00e0 ParisLongchamp\u00a0: Chaldero honore son statut de favori"},"content":{"rendered":"<p class=\"paragraph text_align_left lp-f-body-02\"><b>Arriv\u00e9e du quint\u00e9<\/b> : 9 &#8211; 1 &#8211; 5 &#8211; 4 &#8211; 12<\/p>\n<p class=\"paragraph text_align_left lp-f-body-02\">\u00ab Il n\u2019avait pas chang\u00e9 de jambe la derni\u00e8re fois, \u00e0 Deauville. Il s\u2019est montr\u00e9 plus appliqu\u00e9 aujourd\u2019hui \u00bb d\u00e9briefait <a href=\"https:\/\/www.leparisien.fr\/sports\/hippisme\/dimanche-13-avril-a-parislongchamp-en-signant-un-quadruple-mickael-barzalona-a-marque-les-esprits-13-04-2025-HASGT5KAPRDQNHCY274U56YGPI.php\" target=\"_self\" rel=\"noopener\">Micka\u00ebl Barzalona<\/a> qui s\u2019adjuge le 99e quint\u00e9 de sa carri\u00e8re et qui en offre un premier \u00e0 l\u2019entra\u00eeneur tch\u00e8que, Miroslav Nieslanik.<\/p>\n<blockquote class=\"twitter-tweet\">\n<p lang=\"fr\" dir=\"ltr\">\ud83c\udfc6 Chaldero (<a href=\"https:\/\/twitter.com\/mickaelbarzalon?ref_src=twsrc%5Etfw\" target=\"_blank\" rel=\"noopener\">@mickaelbarzalon<\/a> \/ M. Nieslanik) d\u00e9croche le Quint\u00e9+ du jour, le Qatar Prix Carrus !<\/p>\n<p>Laur\u00e9at \u00e0 Deauville d\u00e9but ao\u00fbt, il s&rsquo;\u00e9tait class\u00e9 deuxi\u00e8me de l&rsquo;\u00e9v\u00e9nement du 21 ao\u00fbt dernier sur l&rsquo;hippodrome de la Touques.<\/p>\n<p>\ud83c\udfc1: 9 &#8211; 1 &#8211; 5 &#8211; 4 &#8211; 12 <a href=\"https:\/\/t.co\/PwPRxloImW\">pic.twitter.com\/PwPRxloImW<\/a><\/p>\n<p>\u2014 Equidia (@equidia) <a href=\"https:\/\/twitter.com\/equidia\/status\/1964680225238999110?ref_src=twsrc%5Etfw\" target=\"_blank\" rel=\"noopener\">September 7, 2025<\/a><\/p><\/blockquote>\n<p class=\"paragraph text_align_left lp-f-body-02\">Favori des parieurs, Chaldero (n\u00b0 9) b\u00e9n\u00e9ficiait d\u2019un num\u00e9ro de corde id\u00e9al, le 3, pour \u00eatre rapidement bien plac\u00e9 sur les 1 400 m de ParisLongchamp. Dans une \u00e9preuve o\u00f9 le peloton \u00e9tait tr\u00e8s attir\u00e9 et les seize concurrents \u00e0 la file indienne, il \u00e9tait compliqu\u00e9 de revenir de l\u2019arri\u00e8re-garde, \u00e0 moins de b\u00e9n\u00e9ficier d\u2019un dos comme cela fut le cas pour Skylight Brochard (n\u00b0 1), associ\u00e9 \u00e0 <a href=\"https:\/\/www.leparisien.fr\/sports\/hippisme\/quinte-du-dimanche-7-septembre-a-parislongchamp-aurelien-lemaitre-patiente-avant-le-week-end-de-larc-de-triomphe-06-09-2025-RUCGKEDITNGO3DR3PKHWOZN5YI.php\" target=\"_self\" rel=\"noopener\">Aur\u00e9lien Lema\u00eetre<\/a>.<\/p>\n<p class=\"paragraph text_align_left lp-f-body-02\">Bataillant au c\u00f4t\u00e9 du pensionnaire de <a href=\"https:\/\/www.leparisien.fr\/sports\/hippisme\/en-attendant-le-meeting-de-deauville-tim-donworh-est-confiant-avec-far-beyond-dans-le-quinte-de-mardi-29-juillet-a-compiegne-28-07-2025-YYCFKZEHSBAIHI4SHDK3UBVXCM.php\" target=\"_self\" rel=\"noopener\">Tim Donworth<\/a>, Tortisambert (n\u00b0 5) monte sur la derni\u00e8re marche du podium, coiffant sur le poteau Bellano (n\u00b0 4). Talentuoso (n\u00b0 12) compl\u00e8te la bonne combinaison du quint\u00e9, \u00e0 distance et devance<a href=\"https:\/\/www.leparisien.fr\/sports\/hippisme\/quinte-du-lundi-21-avril-a-fontainebleau-michel-pehu-premier-supporter-de-divine-chrisnat-et-de-son-petit-fils-rafael-19-04-2025-FXCF67BNGJAFNFB2DE2C5RYU6U.php\" target=\"_self\" rel=\"noopener\"> Divine Chrisnat<\/a> (n\u00b02), dont la fin de course n\u2019est pas pass\u00e9e inaper\u00e7ue, et Leopparduccio (n\u00b07).<\/p>\n<p class=\"paragraph text_align_left lp-f-body-02\">St\u00e9phan Flourent indiquait le quint\u00e9 dans le d\u00e9sordre.<\/p>\n<p><script async src=\"https:\/\/platform.twitter.com\/widgets.js\" charset=\"utf-8\"><\/script><\/p>\n","protected":false},"excerpt":{"rendered":"Arriv\u00e9e du quint\u00e9 : 9 &#8211; 1 &#8211; 5 &#8211; 4 &#8211; 12 \u00ab Il n\u2019avait pas chang\u00e9&hellip;\n","protected":false},"author":2,"featured_media":374305,"comment_status":"","ping_status":"","sticky":false,"template":"","format":"standard","meta":{"footnotes":""},"categories":[1888],"tags":[11,1777,674,1011,27,11462,12,626,25,60],"class_list":{"0":"post-374304","1":"post","2":"type-post","3":"status-publish","4":"format-standard","5":"has-post-thumbnail","7":"category-paris","8":"tag-actualites","9":"tag-eu","10":"tag-europe","11":"tag-fr","12":"tag-france","13":"tag-hippisme","14":"tag-news","15":"tag-paris","16":"tag-republique-francaise","17":"tag-sports"},"share_on_mastodon":{"url":"https:\/\/pubeurope.com\/@fr\/115166458868085930","error":""},"_links":{"self":[{"href":"https:\/\/www.europesays.com\/fr\/wp-json\/wp\/v2\/posts\/374304","targetHints":{"allow":["GET"]}}],"collection":[{"href":"https:\/\/www.europesays.com\/fr\/wp-json\/wp\/v2\/posts"}],"about":[{"href":"https:\/\/www.europesays.com\/fr\/wp-json\/wp\/v2\/types\/post"}],"author":[{"embeddable":true,"href":"https:\/\/www.europesays.com\/fr\/wp-json\/wp\/v2\/users\/2"}],"replies":[{"embeddable":true,"href":"https:\/\/www.europesays.com\/fr\/wp-json\/wp\/v2\/comments?post=374304"}],"version-history":[{"count":0,"href":"https:\/\/www.europesays.com\/fr\/wp-json\/wp\/v2\/posts\/374304\/revisions"}],"wp:featuredmedia":[{"embeddable":true,"href":"https:\/\/www.europesays.com\/fr\/wp-json\/wp\/v2\/media\/374305"}],"wp:attachment":[{"href":"https:\/\/www.europesays.com\/fr\/wp-json\/wp\/v2\/media?parent=374304"}],"wp:term":[{"taxonomy":"category","embeddable":true,"href":"https:\/\/www.europesays.com\/fr\/wp-json\/wp\/v2\/categories?post=374304"},{"taxonomy":"post_tag","embeddable":true,"href":"https:\/\/www.europesays.com\/fr\/wp-json\/wp\/v2\/tags?post=374304"}],"curies":[{"name":"wp","href":"https:\/\/api.w.org\/{rel}","templated":true}]}}