{"id":374310,"date":"2025-09-08T03:06:11","date_gmt":"2025-09-08T03:06:11","guid":{"rendered":"https:\/\/www.europesays.com\/fr\/374310\/"},"modified":"2025-09-08T03:06:11","modified_gmt":"2025-09-08T03:06:11","slug":"attaque-massive-contre-lukraine-larmee-israelienne-tue-les-civils-a-gaza-ville-le-petit-fils-de-nelson-mandela-a-bord-de-la-global-sumud-flotilla-ce-quil-ne-falla","status":"publish","type":"post","link":"https:\/\/www.europesays.com\/fr\/374310\/","title":{"rendered":"Attaque massive contre l\u2019Ukraine, l\u2019arm\u00e9e isra\u00e9lienne tue les civils \u00e0 Gaza-ville, le petit-fils de Nelson Mandela \u00e0 bord de la Global Sumud Flotilla\u2026 Ce qu\u2019il ne fallait pas rater ce week-end"},"content":{"rendered":"<p><strong>Guerre en Ukraine\u00a0: la Russie lance une offensive militaire sans pr\u00e9c\u00e9dent contre Kiev apr\u00e8s la r\u00e9union de la \u00ab\u00a0coalition des volontaires\u00a0\u00bb<\/strong><\/p>\n<p>L\u2019arm\u00e9e russe a vis\u00e9 Kiev, ce week-end, lors d\u2019un assaut d\u2019une intensit\u00e9 ind\u00e9ite avec 810 drones et 13 missiles tir\u00e9s. Une attaque qui survient quelques jours apr\u00e8s la r\u00e9union \u00e0 l\u2019\u00c9lys\u00e9e de la \u00ab\u00a0coalition des volontaires\u00a0\u00bb.<\/p>\n<p><strong>\u00ab\u00a0Le corps de mon p\u00e8re a \u00e9t\u00e9 englouti par les flammes\u00a0\u00bb\u00a0: \u00e0 Gaza-ville, les habitants cibl\u00e9s par l\u2019arm\u00e9e isra\u00e9lienne pendant les \u00e9vacuations<\/strong><\/p>\n<p>Tel-Aviv a d\u00e9clar\u00e9 la principale ville du territoire palestinien zone de combat. Les habitants ont re\u00e7u l\u2019ordre d\u2019\u00e9vacuer, mais ceux qui fuient sont la cible des attaques mortelles isra\u00e9liennes, comme la famille Ruzzi, d\u00e9plac\u00e9e une dizaine de fois et qui a d\u00e9cid\u00e9 de rester.<\/p>\n<p><strong>Global Sumud Flotilla\u00a0: Mandla Mandela, le petit-fils de Nelson Mandela a embarqu\u00e9 sur la flottille pour briser le blocus de Gaza<\/strong><\/p>\n<p>Le petit-fils de Nelson Mandela a embarqu\u00e9, ce 7\u00a0septembre \u00e0 Tunis, sur un des bateaux de la Global Sumud Flotilla. L\u2019Humanit\u00e9 l\u2019a rencontr\u00e9 la veille.<\/p>\n<p><strong>Suspension de Thomas Legrand\u00a0: France Inter fait plaisir \u00e0 Rachida Dati<\/strong><\/p>\n<p>L\u2019\u00e9ditorialiste Thomas Legrand est suspendu d\u2019antenne pour avoir critiqu\u00e9 en priv\u00e9 la ministre de la Culture. Une sanction qui montre comment m\u00eame avant l\u2019\u00e9ventualit\u00e9 d\u2019une tutelle, la radio publique devance les d\u00e9sirs du pouvoir.<\/p>\n<p><strong>Le PCF mise sur le mouvement social pour contraindre Macron \u00e0 changer de cap<\/strong> <\/p>\n<p>Le Conseil national du Parti communiste, r\u00e9uni ce samedi 6\u00a0septembre, appelle au \u00ab\u00a0rassemblement le plus efficace\u00a0\u00bb pour les mobilisations des 10 et 18\u00a0septembre, pour un \u00ab\u00a0changement de politique\u00a0\u00bb, notamment en cas de dissolution.<\/p>\n<p><strong>Mort de Rosa Roisinblit, embl\u00e9matique Grand-M\u00e8re de la Place de Mai<\/strong><\/p>\n<p>Figure embl\u00e9matique des Grands-M\u00e8res de la Place de Mai et de la lutte contre la dictature argentine, dont elle avait fait traduire des responsables devant les tribunaux, Rosa Roisinblit est morte samedi \u00e0 l\u2019\u00e2ge de 106\u00a0ans, a annonc\u00e9 cette association.<\/p>\n<p><strong>Et aussi\u00a0:<\/strong><\/p>\n<p>Urgence pour l\u2019Humanit\u00e9<br \/>Votre don peut tout changer<\/p>\n<p>Faites vivre un m\u00e9dia libre et engag\u00e9, toujours du c\u00f4t\u00e9 de celles et ceux qui luttent<br \/><a href=\"https:\/\/abonnement.humanite.fr\/don-humanite\/\" data-type=\"link\" data-id=\"https:\/\/stage.preprod.humanite.fr\/lhumanite-cest-vous\" target=\"_blank\" rel=\"noopener\">Je veux en savoir plus<\/a><\/p>\n","protected":false},"excerpt":{"rendered":"Guerre en Ukraine\u00a0: la Russie lance une offensive militaire sans pr\u00e9c\u00e9dent contre Kiev apr\u00e8s la r\u00e9union de la&hellip;\n","protected":false},"author":2,"featured_media":374311,"comment_status":"","ping_status":"","sticky":false,"template":"","format":"standard","meta":{"footnotes":""},"categories":[1590],"tags":[11,4628,31574,50836,1777,674,31575,131,12,417,220],"class_list":{"0":"post-374310","1":"post","2":"type-post","3":"status-publish","4":"format-standard","5":"has-post-thumbnail","7":"category-ukraine","8":"tag-actualites","9":"tag-bande-de-gaza","10":"tag-blocus-de-gaza","11":"tag-dictature-argentine","12":"tag-eu","13":"tag-europe","14":"tag-flottille-de-la-libertu00e9","15":"tag-guerre-en-ukraine","16":"tag-news","17":"tag-rachida-dati","18":"tag-ukraine"},"share_on_mastodon":{"url":"https:\/\/pubeurope.com\/@fr\/115166470716125397","error":""},"_links":{"self":[{"href":"https:\/\/www.europesays.com\/fr\/wp-json\/wp\/v2\/posts\/374310","targetHints":{"allow":["GET"]}}],"collection":[{"href":"https:\/\/www.europesays.com\/fr\/wp-json\/wp\/v2\/posts"}],"about":[{"href":"https:\/\/www.europesays.com\/fr\/wp-json\/wp\/v2\/types\/post"}],"author":[{"embeddable":true,"href":"https:\/\/www.europesays.com\/fr\/wp-json\/wp\/v2\/users\/2"}],"replies":[{"embeddable":true,"href":"https:\/\/www.europesays.com\/fr\/wp-json\/wp\/v2\/comments?post=374310"}],"version-history":[{"count":0,"href":"https:\/\/www.europesays.com\/fr\/wp-json\/wp\/v2\/posts\/374310\/revisions"}],"wp:featuredmedia":[{"embeddable":true,"href":"https:\/\/www.europesays.com\/fr\/wp-json\/wp\/v2\/media\/374311"}],"wp:attachment":[{"href":"https:\/\/www.europesays.com\/fr\/wp-json\/wp\/v2\/media?parent=374310"}],"wp:term":[{"taxonomy":"category","embeddable":true,"href":"https:\/\/www.europesays.com\/fr\/wp-json\/wp\/v2\/categories?post=374310"},{"taxonomy":"post_tag","embeddable":true,"href":"https:\/\/www.europesays.com\/fr\/wp-json\/wp\/v2\/tags?post=374310"}],"curies":[{"name":"wp","href":"https:\/\/api.w.org\/{rel}","templated":true}]}}