{"id":374312,"date":"2025-09-08T03:07:10","date_gmt":"2025-09-08T03:07:10","guid":{"rendered":"https:\/\/www.europesays.com\/fr\/374312\/"},"modified":"2025-09-08T03:07:10","modified_gmt":"2025-09-08T03:07:10","slug":"apres-un-coup-de-filet-anti-immigration-trump-met-en-garde-les-entreprises-etrangeres","status":"publish","type":"post","link":"https:\/\/www.europesays.com\/fr\/374312\/","title":{"rendered":"apr\u00e8s un coup de filet anti-immigration, Trump met en garde les entreprises \u00e9trang\u00e8res"},"content":{"rendered":"<p>Plus de 400 personnes ont \u00e9t\u00e9 arr\u00eat\u00e9es par la police de l\u2019immigration dans une usine des groupes sud-cor\u00e9ens Hyundai et LG Energy Solution \u00e0 Ellabell.<\/p>\n<p class=\"fig-paragraph\">Donald Trump a enjoint dimanche aux entreprises \u00e9trang\u00e8res de respecter les lois am\u00e9ricaines sur l&rsquo;immigration, apr\u00e8s l&rsquo;arrestation de plus de 300 travailleurs sud-cor\u00e9ens dans une usine en construction de Hyundai et LG en G\u00e9orgie (sud-est).<\/p>\n<p class=\"fig-paragraph\">\u00abVeuillez respecter les lois de notre pays en mati\u00e8re d&rsquo;immigration\u00bb, a d\u00e9clar\u00e9 le pr\u00e9sident am\u00e9ricain sur les r\u00e9seaux sociaux. \u00abVos investissements sont les bienvenus, et nous vous encourageons \u00e0 faire venir L\u00c9GALEMENT vos employ\u00e9s les plus comp\u00e9tents\u00bb, a-t-il ajout\u00e9, mais \u00aben contrepartie, nous vous demandons d&#8217;embaucher et de former des travailleurs am\u00e9ricains\u00bb.<\/p>\n<p>                                    <a class=\"fig-a11y-skip a11y-hidden\" href=\"#fig-a11y-skip-main-inarticle\"><br \/>\n        Passer la publicit\u00e9<br \/>\n    <\/a><\/p>\n<p class=\"fig-paragraph\">La police de l&rsquo;immigration a annonc\u00e9 vendredi avoir men\u00e9 la veille un raid dans une usine de fabrication de batteries pour automobiles des groupes sud-cor\u00e9ens Hyundai et LG Energy Solution \u00e0 Ellabell, dans l&rsquo;\u00c9tat de G\u00e9orgie. Les personnes interpell\u00e9es sont soup\u00e7onn\u00e9es de travailler ill\u00e9galement aux \u00c9tats-Unis. C&rsquo;est l&rsquo;op\u00e9ration la plus importante men\u00e9e sur un seul site dans le cadre de la campagne d&rsquo;expulsion d&rsquo;immigr\u00e9s initi\u00e9e par Donad Trump\u00a0: 475 personnes au total ont \u00e9t\u00e9 arr\u00eat\u00e9es.<\/p>\n<p>Plus de 300 Sud-Cor\u00e9ens bient\u00f4t expuls\u00e9s<\/p>\n<p class=\"fig-paragraph\">Des images du raid, diffus\u00e9es par les autorit\u00e9s am\u00e9ricaines, montrent des employ\u00e9s arr\u00eat\u00e9s, menott\u00e9s et avec des cha\u00eenes aux chevilles, en train d&#8217;embarquer dans un bus. Environ 250 des personnes arr\u00eat\u00e9es seraient des employ\u00e9s de sous-traitants de LG Energy Solution, et sud-cor\u00e9ens pour la plupart, avait indiqu\u00e9 samedi l&rsquo;entreprise, et 47 (46 Sud-Cor\u00e9ens et un Indon\u00e9sien) sont des salari\u00e9s directs de LG.<\/p>\n<p class=\"fig-paragraph\">Un cadre sup\u00e9rieur de LG Energy Solution s&rsquo;est envol\u00e9 dimanche pour la G\u00e9orgie. \u00abLa priorit\u00e9 imm\u00e9diate est la lib\u00e9ration rapide de nos employ\u00e9s LG Energy Solution et de ceux de nos entreprises partenaires\u00bb, a d\u00e9clar\u00e9 Kim Ki-soo aux journalistes avant de monter \u00e0 bord de l&rsquo;avion. Les plus de 300 Sud-Cor\u00e9ens arr\u00eat\u00e9s vont bient\u00f4t \u00eatre lib\u00e9r\u00e9s et rapatri\u00e9s dans leur pays, a annonc\u00e9 dimanche S\u00e9oul. Hyundai a pr\u00e9cis\u00e9 qu&rsquo;aucun de ses salari\u00e9s n&rsquo;a \u00e9t\u00e9 interpell\u00e9.<\/p>\n<p class=\"fig-paragraph\">La Cor\u00e9e du Sud, quatri\u00e8me \u00e9conomie d&rsquo;Asie, est un important constructeur automobile et fabricant de produits \u00e9lectroniques qui poss\u00e8de plusieurs usines aux \u00c9tats-Unis. Quatri\u00e8me \u00e9conomie d&rsquo;Asie, la Cor\u00e9e du Sud est un important constructeur automobile et producteur de mat\u00e9riel \u00e9lectronique avec de nombreuses usines aux \u00c9tats-Unis. En juillet, S\u00e9oul avait promis d&rsquo;investir 350 milliards de dollars aux \u00c9tats-Unis, \u00e0 la suite des menaces sur les droits de douane de Donald Trump.<\/p>\n","protected":false},"excerpt":{"rendered":"Plus de 400 personnes ont \u00e9t\u00e9 arr\u00eat\u00e9es par la police de l\u2019immigration dans une usine des groupes sud-cor\u00e9ens&hellip;\n","protected":false},"author":2,"featured_media":374313,"comment_status":"","ping_status":"","sticky":false,"template":"","format":"standard","meta":{"footnotes":""},"categories":[1589],"tags":[11,75,73,1866,1061,12,1864,1865,1863,308],"class_list":{"0":"post-374312","1":"post","2":"type-post","3":"status-publish","4":"format-standard","5":"has-post-thumbnail","7":"category-etats-unis","8":"tag-actualites","9":"tag-donald-trump","10":"tag-etats-unis","11":"tag-etats-unis-damerique","12":"tag-immigration","13":"tag-news","14":"tag-united-states","15":"tag-united-states-of-america","16":"tag-us","17":"tag-usa"},"share_on_mastodon":{"url":"https:\/\/pubeurope.com\/@fr\/115166474646274954","error":""},"_links":{"self":[{"href":"https:\/\/www.europesays.com\/fr\/wp-json\/wp\/v2\/posts\/374312","targetHints":{"allow":["GET"]}}],"collection":[{"href":"https:\/\/www.europesays.com\/fr\/wp-json\/wp\/v2\/posts"}],"about":[{"href":"https:\/\/www.europesays.com\/fr\/wp-json\/wp\/v2\/types\/post"}],"author":[{"embeddable":true,"href":"https:\/\/www.europesays.com\/fr\/wp-json\/wp\/v2\/users\/2"}],"replies":[{"embeddable":true,"href":"https:\/\/www.europesays.com\/fr\/wp-json\/wp\/v2\/comments?post=374312"}],"version-history":[{"count":0,"href":"https:\/\/www.europesays.com\/fr\/wp-json\/wp\/v2\/posts\/374312\/revisions"}],"wp:featuredmedia":[{"embeddable":true,"href":"https:\/\/www.europesays.com\/fr\/wp-json\/wp\/v2\/media\/374313"}],"wp:attachment":[{"href":"https:\/\/www.europesays.com\/fr\/wp-json\/wp\/v2\/media?parent=374312"}],"wp:term":[{"taxonomy":"category","embeddable":true,"href":"https:\/\/www.europesays.com\/fr\/wp-json\/wp\/v2\/categories?post=374312"},{"taxonomy":"post_tag","embeddable":true,"href":"https:\/\/www.europesays.com\/fr\/wp-json\/wp\/v2\/tags?post=374312"}],"curies":[{"name":"wp","href":"https:\/\/api.w.org\/{rel}","templated":true}]}}