{"id":374324,"date":"2025-09-08T03:13:14","date_gmt":"2025-09-08T03:13:14","guid":{"rendered":"https:\/\/www.europesays.com\/fr\/374324\/"},"modified":"2025-09-08T03:13:14","modified_gmt":"2025-09-08T03:13:14","slug":"miss-france-un-livre-revele-lomerta-autour-de-violences-sexuelles-et-suscite-la-reaction-du-comite-la-provence","status":"publish","type":"post","link":"https:\/\/www.europesays.com\/fr\/374324\/","title":{"rendered":"Miss France : un livre r\u00e9v\u00e8le l\u2019omerta autour de violences sexuelles et suscite la r\u00e9action du comit\u00e9 &#8211; La Provence"},"content":{"rendered":"<ol>\n<li><a href=\"https:\/\/news.google.com\/rss\/articles\/CBMi-AFBVV95cUxPMUFsRk1Ka2tkR1hUcjFUOUZYVjhlV2pCdXNfazBOU3I2clRiSmN6NnlhSE1RT3FubXNmcV9hYlF4ek1ISWwwX1dFVHlTcnJxaUx1YzBpZERMb3E3MTlEc1Etbm0xbVQ5eEg3WE9NMEZCc09qWGhWODM4Vlk3bmYzcVpoeHF3c04zRUNuTFlsTElvWG5mZ25qaDRoUjAyRmJHM0RMSkxzT2RHNkMxdU51emhLQTk5UjFWNDV1MDlDV1lvTFlXUXNUaF8xRkhEWGpnYmdSS0NKMkViYkFHTzRwM0I1QmFicTc0aG5IeWtPOTEtQS1ZcEllVg?oc=5\" target=\"_blank\" rel=\"nofollow noopener\">Miss France : un livre r\u00e9v\u00e8le l\u2019omerta autour de violences sexuelles et suscite la r\u00e9action du comit\u00e9<\/a>&nbsp;&nbsp;La Provence<\/li>\n<li><a href=\"https:\/\/news.google.com\/rss\/articles\/CBMixgFBVV95cUxPOWc4NVBDNlBndWd3VUFnQkxaa1c5d3ZZeDB1ZXNUMzluVTFDMzQtRW96Y1NjYzBudThEekpFSGdyaVEtRmQzdHVET1lYalUzeFY5aER2dGdTZHZaTUtjcFl5bXI3V2pMYmZINjBTTFpZR2ZFMzdGQUR2VVFFOHBLWlVsQkRKaE1PU1plTnhPVG1vSEdzdWgzUVRsaUJUM3piX3VwV2tMN3dQNDZfUWxpeHE5UHpQVHZtVGhETWRDN3ZFRUh4T1E?oc=5\" target=\"_blank\" rel=\"nofollow noopener\">\u00ab Toujours vierge ? \u00bb\u2026 Une ex-Miss d\u00e9voile le harc\u00e8lement sexuel v\u00e9cu<\/a>&nbsp;&nbsp;20 Minutes<\/li>\n<li><a href=\"https:\/\/news.google.com\/rss\/articles\/CBMiigJBVV95cUxOdmxjMXdZNjNnWE95aDgtZ0syTkh3UXBJdGxQZU9Ga3o4bERlUVl4aTF3bllMbUdpVXBtSmkzNHI3NG9Zejk1V2M4eFRnQmZPM3FNdUl0cUNoT042Q3Rka2ZnUnZiUkVZOWdWeEpFdUU5YTEwaGhQVndBamlWa25icEJGWDBqZEloNlNQd0paMTc2U0J4aUdxeldlbTMtMU5rcFpIaVZHUnNKamJTNnFmN3BaZ3F3TTFIZDI4SlZoNE1LcGliME5IX2lhaDhkVy1hQ0NwVDlnb1JUUmgzRzh5cWNTZS1nQzhPb1hwX2VBQmtvZFRabTdSaGN4RXZPTm1VR1M5UkRJNFc1dw?oc=5\" target=\"_blank\" rel=\"nofollow noopener\">\u00ab Il m\u2019a demand\u00e9 si j\u2019\u00e9tais vierge \u00bb : une ex-candidate \u00e0 Miss Bourgogne d\u00e9nonce un harc\u00e8lement sexuel<\/a>&nbsp;&nbsp;Le Parisien<\/li>\n<li><a href=\"https:\/\/news.google.com\/rss\/articles\/CBMikAJBVV95cUxObTJqaVBrQm9uUDFnYWFZMTlJUGxvOWJHTmdkX0JJLTBkd3pqWjI3RTlPMHI3RmZxdWt5MVJvb09JZHM0YlpodTJZNE9jSzFfdjN1dzZUaWRNNWVGbk1NMVRjUS1nWlFkbHF6X1dMMGM4OEZ4NTNWTFlPbGNTdzVOc3E1YVJmZUJwaGNmX1Z6eW00WTgyYU81WUx5eUxySHZSaHktTDZmQjF0V2FKZTdEMkhqQXU4cG4yYzc4LUJlOTFoS240Z1VVdVJKNk5GQU1pNDdvaEF4Mk5BblhYbWdaQlRPRnpQTm5MbjdTVHlVTHdqSzB1UDRyYTlaTGFGNFNqZGF0cVI5d3pERVBzUWY4bA?oc=5\" target=\"_blank\" rel=\"nofollow noopener\">Hubert Gu\u00e9rin, ex-collaborateur de Genevi\u00e8ve de Fontenay : \u00ab\u00a0\u00catre Miss France n&rsquo;est pas un droit \u00e0 \u00eatre agress\u00e9e sexuellement\u00a0\u00bb<\/a>&nbsp;&nbsp;La Montagne<\/li>\n<li><a href=\"https:\/\/news.google.com\/rss\/articles\/CBMikgJBVV95cUxNWF81SHBCVE4zTl9XRGh3NmVWWHBLSzNhamdUbG9jTHB5TlZqemZqdDUwTXQ5X0NVRzlkTm9IT3k2ZVd5eWQ0c0NNNEQ1TzFma1lrT2VVcm5FeEtMaFhQWkt6NEpycmdDN081N180QXh5dXNvWFJEVjZrVUlUUVplMGhIU29YcktqemF3ODZqWWNURm5WQ2dXQWRWelhrZUZyX0JzYVVadHpQamt6d1paTmhJSVhDRXN2SmlSM2JCRVJ5Vm1ZZlBveUxnd3dtZGJHOHFZY2xocFc4djE2ckV3QjhQNkF1VTNpZnVocVBTREgxaWpzNk9lM2RRVHYxSkw5X0w5YVM1SVlBS05SSFM0WDh3?oc=5\" target=\"_blank\" rel=\"nofollow noopener\">\u00ab \u00c9lue Miss France, je suis viol\u00e9e quelques heures plus tard \u00bb : ce que r\u00e9v\u00e8le le livre qui brise l\u2019omerta sur le concours Miss France<\/a>&nbsp;&nbsp;Le Point<\/li>\n<\/ol>\n","protected":false},"excerpt":{"rendered":"Miss France : un livre r\u00e9v\u00e8le l\u2019omerta autour de violences sexuelles et suscite la r\u00e9action du comit\u00e9&nbsp;&nbsp;La Provence&hellip;\n","protected":false},"author":2,"featured_media":1445,"comment_status":"","ping_status":"","sticky":false,"template":"","format":"standard","meta":{"footnotes":""},"categories":[2],"tags":[11,1011,27,12,25],"class_list":{"0":"post-374324","1":"post","2":"type-post","3":"status-publish","4":"format-standard","5":"has-post-thumbnail","7":"category-actualites","8":"tag-actualites","9":"tag-fr","10":"tag-france","11":"tag-news","12":"tag-republique-francaise"},"share_on_mastodon":{"url":"https:\/\/pubeurope.com\/@fr\/115166498357701884","error":""},"_links":{"self":[{"href":"https:\/\/www.europesays.com\/fr\/wp-json\/wp\/v2\/posts\/374324","targetHints":{"allow":["GET"]}}],"collection":[{"href":"https:\/\/www.europesays.com\/fr\/wp-json\/wp\/v2\/posts"}],"about":[{"href":"https:\/\/www.europesays.com\/fr\/wp-json\/wp\/v2\/types\/post"}],"author":[{"embeddable":true,"href":"https:\/\/www.europesays.com\/fr\/wp-json\/wp\/v2\/users\/2"}],"replies":[{"embeddable":true,"href":"https:\/\/www.europesays.com\/fr\/wp-json\/wp\/v2\/comments?post=374324"}],"version-history":[{"count":0,"href":"https:\/\/www.europesays.com\/fr\/wp-json\/wp\/v2\/posts\/374324\/revisions"}],"wp:featuredmedia":[{"embeddable":true,"href":"https:\/\/www.europesays.com\/fr\/wp-json\/wp\/v2\/media\/1445"}],"wp:attachment":[{"href":"https:\/\/www.europesays.com\/fr\/wp-json\/wp\/v2\/media?parent=374324"}],"wp:term":[{"taxonomy":"category","embeddable":true,"href":"https:\/\/www.europesays.com\/fr\/wp-json\/wp\/v2\/categories?post=374324"},{"taxonomy":"post_tag","embeddable":true,"href":"https:\/\/www.europesays.com\/fr\/wp-json\/wp\/v2\/tags?post=374324"}],"curies":[{"name":"wp","href":"https:\/\/api.w.org\/{rel}","templated":true}]}}