{"id":374325,"date":"2025-09-08T03:14:10","date_gmt":"2025-09-08T03:14:10","guid":{"rendered":"https:\/\/www.europesays.com\/fr\/374325\/"},"modified":"2025-09-08T03:14:10","modified_gmt":"2025-09-08T03:14:10","slug":"france-serbie-a-quelle-heure-et-sur-quelle-chaine-tv-voir-le-match-amical-des-bleuets-a-lorient","status":"publish","type":"post","link":"https:\/\/www.europesays.com\/fr\/374325\/","title":{"rendered":"France-Serbie : \u00e0 quelle heure et sur quelle cha\u00eene TV voir le match amical des Bleuets \u00e0 Lorient ?"},"content":{"rendered":"<p class=\"paragraph text_align_left lp-f-body-02\">Ils auraient d\u00fb revenir vendredi dernier avec le Luxembourg comme adversaire. <a href=\"https:\/\/www.leparisien.fr\/sports\/football\/france-espoirs-luxembourg-le-match-reporte-apres-laccident-de-la-route-du-car-luxembourgeois-05-09-2025-R2GADUC2YZFYNB6FNEJQIARIEQ.php\" target=\"_blank\" rel=\"noreferrer noopener\">Un accident de car dans le Morbihan<\/a> a chang\u00e9 les plans des joueurs de G\u00e9rald Baticle. Comme pr\u00e9vu, ce sera donc la Serbie qui sera oppos\u00e9e \u00e0 l\u2019\u00e9quipe de France Espoirs ce lundi (21 heures) au stade du Moustoir de Lorient. <\/p>\n<p class=\"paragraph text_align_left lp-f-body-02\">Pour cette rencontre, le coach des Bleuets, d\u00e9sormais second\u00e9 par l\u2019ancien Parisien <a href=\"https:\/\/www.leparisien.fr\/sports\/football\/equipe-de-france-espoirs-lancien-joueur-du-psg-christophe-jallet-renforce-le-staff-de-gerald-baticle-02-09-2025-2IR76T4ZY5FQXEPDY2NJQ25E5Q.php\" target=\"_blank\" rel=\"noreferrer noopener\">Christophe Jallet<\/a>, savait d\u00e9j\u00e0 qu\u2019il ne pourra pas compter sur Maghnes Akliouche et Hugo Ekitike, tous les deux \u00e9t\u00e9 s\u00e9lectionn\u00e9s par Didier Deschamps. L\u2019\u00e9quipe de France Espoirs va devoir \u00e9galement se passer des services de l\u2019attaquant nantais Herba Guirassy, victime d\u2019une blessure aux ischio-jambiers.<\/p>\n<p class=\"paragraph text_align_left lp-f-body-02\"><b>Le match amical entre les Espoirs de l\u2019\u00e9quipe de France et de la Serbie est \u00e0 suivre ce lundi 8 septembre \u00e0 partir de 21 heures sur la cha\u00eene You Tube de la FFF.<\/b><\/p>\n","protected":false},"excerpt":{"rendered":"Ils auraient d\u00fb revenir vendredi dernier avec le Luxembourg comme adversaire. Un accident de car dans le Morbihan&hellip;\n","protected":false},"author":2,"featured_media":374326,"comment_status":"","ping_status":"","sticky":false,"template":"","format":"standard","meta":{"footnotes":""},"categories":[4],"tags":[11,27345,63,1011,27,12,25,60],"class_list":{"0":"post-374325","1":"post","2":"type-post","3":"status-publish","4":"format-standard","5":"has-post-thumbnail","7":"category-france","8":"tag-actualites","9":"tag-equipe_france_foot","10":"tag-football","11":"tag-fr","12":"tag-france","13":"tag-news","14":"tag-republique-francaise","15":"tag-sports"},"share_on_mastodon":{"url":"https:\/\/pubeurope.com\/@fr\/115166502121217654","error":""},"_links":{"self":[{"href":"https:\/\/www.europesays.com\/fr\/wp-json\/wp\/v2\/posts\/374325","targetHints":{"allow":["GET"]}}],"collection":[{"href":"https:\/\/www.europesays.com\/fr\/wp-json\/wp\/v2\/posts"}],"about":[{"href":"https:\/\/www.europesays.com\/fr\/wp-json\/wp\/v2\/types\/post"}],"author":[{"embeddable":true,"href":"https:\/\/www.europesays.com\/fr\/wp-json\/wp\/v2\/users\/2"}],"replies":[{"embeddable":true,"href":"https:\/\/www.europesays.com\/fr\/wp-json\/wp\/v2\/comments?post=374325"}],"version-history":[{"count":0,"href":"https:\/\/www.europesays.com\/fr\/wp-json\/wp\/v2\/posts\/374325\/revisions"}],"wp:featuredmedia":[{"embeddable":true,"href":"https:\/\/www.europesays.com\/fr\/wp-json\/wp\/v2\/media\/374326"}],"wp:attachment":[{"href":"https:\/\/www.europesays.com\/fr\/wp-json\/wp\/v2\/media?parent=374325"}],"wp:term":[{"taxonomy":"category","embeddable":true,"href":"https:\/\/www.europesays.com\/fr\/wp-json\/wp\/v2\/categories?post=374325"},{"taxonomy":"post_tag","embeddable":true,"href":"https:\/\/www.europesays.com\/fr\/wp-json\/wp\/v2\/tags?post=374325"}],"curies":[{"name":"wp","href":"https:\/\/api.w.org\/{rel}","templated":true}]}}