{"id":374329,"date":"2025-09-08T03:20:11","date_gmt":"2025-09-08T03:20:11","guid":{"rendered":"https:\/\/www.europesays.com\/fr\/374329\/"},"modified":"2025-09-08T03:20:11","modified_gmt":"2025-09-08T03:20:11","slug":"grand-prix-de-catalogne-de-motogp-2025-recap-et-resultats","status":"publish","type":"post","link":"https:\/\/www.europesays.com\/fr\/374329\/","title":{"rendered":"Grand Prix de Catalogne de MotoGP 2025 : r\u00e9cap et resultats"},"content":{"rendered":"<p>\u00c1lex M\u00e1rquez a fait vibrer le public catalan en remportant le Grand Prix de Catalogne au terme d\u2019une course aussi solide que brillante. Le pilote Gresini Racing s\u2019est offert sa deuxi\u00e8me victoire de la saison, mais surtout la satisfaction de mettre un terme \u00e0 la s\u00e9rie de 15 victoires cons\u00e9cutives de son fr\u00e8re a\u00een\u00e9 Marc, leader du championnat.<\/p>\n<p>D\u00e8s les qualifications, le ton \u00e9tait donn\u00e9. \u00c1lex s\u2019\u00e9tait montr\u00e9 le plus rapide, d\u00e9crochant un nouveau record du circuit. Samedi, il tenait la victoire en sprint avant une chute tardive qui avait laiss\u00e9 un go\u00fbt amer. Dimanche, pas question de laisser filer une nouvelle occasion. D\u00e8s l\u2019extinction des feux, il s\u2019est port\u00e9 aux avant-postes, engageant un mano a mano haletant avec Marc. Les deux fr\u00e8res se sont \u00e9chang\u00e9s la t\u00eate \u00e0 plusieurs reprises, mais \u00c1lex a su garder son sang-froid et imposer un rythme sup\u00e9rieur dans la seconde partie de course.<\/p>\n<p><a class=\"inline-image__link\" href=\"https:\/\/img.redbull.com\/images\/q_auto,f_auto\/redbullcom\/2025\/9\/8\/flexm1tqwwbuanf5vg2y\/alex-marquez-motogp-grand-prix-catalogne-2025-victoire\" title=\"Alex Marquez \u00e9tait bien le plus rapide en Catalogne\" target=\"_blank\" rel=\"noopener\"><img decoding=\"async\" class=\"image-view__content\" src=\"data:image\/webp;base64,UklGRtQCAABXRUJQVlA4IMgCAAAwFACdASpkAEMAP1mYwFiyKqaqLbRNMkArCWIAybyPjxSqmwEqTEilEf46UZ5edEosRunH2uodD930u4F\/di8IbprEAtUdtSXekdiK5g39KEd3WYS\/hQPknMRmHpBrDufqhb1+HPPtU6amtLIY3ZbfCDjaJdRqEVPBKky\/pIEYKDNt0DeOuiT8GYcRApR5bZ3ke08x86lOvD1ZreLn+Jf1v5W7HJW7QpAkAAD+rjvA2HWYg3Fh9\/0+zAN6ijZF+9q36ac\/pwxS66S+eZZOgXL3v5a+8k54LCCkCrIE2hqm33aZoNCUSUkf2xrsHka1wJmq0G61GYLJ3x52r4kO++lmV4E1jYb3cxTyMEUH+g34g1r\/YGnPTohv2vWx4hezGn\/HsGFqx3kTaDDNvefgABD0f3NP5vyeOM0RhC0mLSMi6NSBcTXUcZbl549+IDUXPBuXua7Vk6iet0FvPhARbl5bWhTaYVVMa\/pTYuGRCVbWLdOtEo8AZ2S9vjngmpZv0Th8eubdpa6FT7HEZb7Td24v6wh8izqbkPantvzQ73a2AX29bm7uNuwucHoP7r0KBDVSJF8PvkKvXEtFgC6anFaT5svh6FcOD4WfCxMSLGXDr+nAgaEQLJC8x7kdPesJOZACAVCctgNWANYKc3QN3GkgGbu9CmQKHHNcLqfM+3iN5XkAR7I9KJWAofoO6JJHJfWELfE3zSBcIOUHZ8XhQjM8foS6UbqMKBTpPCSxBNu3feR+RNpIaK93KVTKxCJoPswUYqbNDfdngbvqZdhj6rZuIg3CihCP7o6lnjcK+QM3sDWnJ4zEihD+3\/94vwxpIAvSpbyikKjlSHq59GxiAHG03LlDyrtCNkYIZmP6vex11QAdyGxzJ8g9dkavQ\/dPi1uXER2n68IYwKIQSeBlIoMw01pYxDV0ui0eHb5HARZvjWejUVqqkAAA\" alt=\"\u00c1lex M\u00e1rquez c\u00e9l\u00e8bre sa victoire lors du Grand Prix de Catalogne de MotoGP 2025.\" title=\"Alex Marquez \u00e9tait bien le plus rapide en Catalogne\" data-id=\"rrn:content:images:76d2d0ab-47b1-4c9a-af05-68439350ce8f:fr-FR\" data-preview-src=\"https:\/\/www.europesays.com\/fr\/wp-content\/uploads\/2025\/09\/alex-marquez-motogp-grand-prix-catalogne-2025-victoire.webp\"\/><\/a><\/p>\n<p class=\"cosmos-text cosmos-text--spacing-none cosmos-text--kind-normal cosmos-text--weight-regular cosmos-text--appearance-dark cosmos-text--size-xx-small@small cosmos-text--size-small@large sc-cosmos-text-11-0-2 sc-cosmos-text-11-0-2-s\" part=\"base\">Alex Marquez \u00e9tait bien le plus rapide en Catalogne<\/p>\n<p class=\"cosmos-text cosmos-text--spacing-none cosmos-text--kind-subtle cosmos-text--weight-regular cosmos-text--appearance-dark cosmos-text--size-xx-small sc-cosmos-text-11-0-2 sc-cosmos-text-11-0-2-s\" part=\"base\">\u00a9 Gold &amp; Goose\/Red\u00a0Bull Content Pool<\/p>\n<p>Marc M\u00e1rquez a tent\u00e9 une ultime attaque dans le dernier tour, mais son cadet a r\u00e9ussi \u00e0 repousser l\u2019assaut.  \u00ab L\u2019incident d\u2019hier \u00e9tait encore dans ma t\u00eate, mais j\u2019ai r\u00e9ussi \u00e0 pousser et \u00e0 rester r\u00e9gulier. Je suis super heureux pour l\u2019\u00e9quipe, ils n\u2019ont jamais cess\u00e9 d\u2019y croire \u00bb, a d\u00e9clar\u00e9 alex \u00e0 l\u2019issue de l\u2019\u00e9preuve.<\/p>\n<p>Derri\u00e8re les deux Espagnols, Enea Bastianini a retrouv\u00e9 des couleurs. Apr\u00e8s un d\u00e9but de saison compliqu\u00e9, l\u2019Italien de Ducati a pris le meilleur sur <a class=\"inline-paragraph__link\" title=\"Pedro Acosta\" href=\"https:\/\/www.redbull.com\/fr-fr\/theredbulletin\/pedro-acosta-interview\" target=\"_blank\" rel=\"noopener\">Pedro Acosta<\/a> \u00e0 mi-course pour filer vers une troisi\u00e8me place synonyme de premier podium de l\u2019ann\u00e9e. \u00ab J\u2019ai donn\u00e9 100 % aujourd\u2019hui. Ce podium est une r\u00e9compense pour mon \u00e9quipe et mes proches \u00bb, a confi\u00e9 un Bastianini soulag\u00e9.<a class=\"inline-image__link\" href=\"https:\/\/img.redbull.com\/images\/q_auto,f_auto\/redbullcom\/2025\/9\/8\/h3nwqxva0jl9iui9uw30\/pedro-acosta-grand-prix-motogp-italie-2025\" title=\"Pedro Acosta termine au pied du podium en Catalogne\" target=\"_blank\" rel=\"noopener\"><img decoding=\"async\" class=\"image-view__content\" src=\"data:image\/webp;base64,UklGRhoDAABXRUJQVlA4IA4DAACQFgCdASpkAEMAP1mgwFoyK6YkKhubqkArCUAZ+DzQzjtkQ5opaU\/5uP9D0TQ5UO0J0fBuwv\/XqDFAlgIWmMfqyg\/RDHLcau5S3GLzkfxKi5sFXSVsFrTRiD7aDi8+6ptstugxbhj05vRp+q+lAg\/9g3QUpOxQYHyFXchMqjJuyseuwWtGaqSEN9uPNYuNLZZAkmDjk7E9+vPcdHgqJMJXwdLMtMnXy\/dlDCi3r0q46oIfZWCWHcx3eadFawAA\/uQke+lfNmYgBwk\/LZzPYGhRhKpGk94SifGRm5OIicl5ahJLJDLnS8JlSLOVsn5JwwKxAG5bjgBGMn\/physA+NVI1tIy6xMZvhx7L40jyuAKAif\/NgwzY0EiJM3DiP0M5pROPdlrU8pOBIbSBsEKiwUuc+o0T5chC5sf1Jz0ItJD1Lg4PJVyapOCTQWM99twcVZ3hBDqj3ta3QXR68h7KEwlsK2AlYEW9b+aQOnFjyHf3vo4S99vpWA8GXCGdsVUL5U8Hgp3z0Spo9luF\/i\/aHVpVopUhmUwMJBbTBuMxjBvoO95HxcgQK83u2H\/sneSBiiSOwj2fpLCtkssCmzZaLCLMzKpR\/WMI6mN+m2ZYcUjqAO0qNkXempPycjIRdwjDfVBx7NWwBy9ZKLeCmJdGX68tvdjwvaCHSth7LV69fs2be30jOzH3cipjAK8T\/Qj1RRrRfAkp7zYc1xlNNBkYZeB+SOVfhfX+\/\/Z1RwY5GohmMeSLYBYVIALqKADDc6X8u2xqs9YRphYZ5O7IF2Jg3rnpN7PSafCY8XAfGiAxZ\/evFMwJMqF0bUPgYs8aNWdNXcSNowv8GTthnHV6Q7cmOpWc6LUW7x9KgePt6IRa1lRDeWJfWFKtst7ugIlXndqQuRH6zERVvlwFEh2Yhdps3GuwbnUjaySNiujrzXA8vMI7UEKYLJzJORxAIXkBF1fWQaSE9vRQCKD+wuCSuA1Kja4RmEEllfMfZ7db7pqwLXxzcNeaFF4F3\/yXfjDT8HQQkTXHBxfp1vy1g2edcAAAA==\" alt=\"Pedro Acosta termine au pied du podium en Catalogne\" title=\"Pedro Acosta termine au pied du podium en Catalogne\" data-id=\"rrn:content:images:fb065e0a-7295-47a0-8a6e-e6e6160b64b9:fr-FR\" data-preview-src=\"https:\/\/www.europesays.com\/fr\/wp-content\/uploads\/2025\/09\/pedro-acosta-grand-prix-motogp-italie-2025.webp\"\/><\/a><\/p>\n<p class=\"cosmos-text cosmos-text--spacing-none cosmos-text--kind-normal cosmos-text--weight-regular cosmos-text--appearance-dark cosmos-text--size-xx-small@small cosmos-text--size-small@large sc-cosmos-text-11-0-2 sc-cosmos-text-11-0-2-s\" part=\"base\">Pedro Acosta termine au pied du podium en Catalogne<\/p>\n<p class=\"cosmos-text cosmos-text--spacing-none cosmos-text--kind-subtle cosmos-text--weight-regular cosmos-text--appearance-dark cosmos-text--size-xx-small sc-cosmos-text-11-0-2 sc-cosmos-text-11-0-2-s\" part=\"base\">\u00a9 Gold &amp; Goose \/ Red\u00a0Bull Content Pool<\/p>\n<p>Pedro Acosta doit donc se contenter de la quatri\u00e8me position, mais le jeune pilote de Red\u00a0Bull KTM Factory confirme encore sa constance et sa capacit\u00e9 \u00e0 se battre dans le groupe de t\u00eate. Miguel Oliveira (Pramac) s\u2019invite dans le top 10 avec une neuvi\u00e8me place, juste devant le champion du monde en titre Jorge Mart\u00edn.<\/p>\n<p>Le week-end fut plus compliqu\u00e9 pour Maverick Vi\u00f1ales, 13e sous les couleurs GASGAS Tech3, tandis que <a class=\"inline-paragraph__link\" title=\"Johann Zarco\" href=\"https:\/\/www.redbull.com\/fr-fr\/athlete\/johann-zarco\" target=\"_blank\" rel=\"noopener\">Johann Zarco<\/a> (LCR Honda) et <a class=\"inline-paragraph__link\" title=\"Brad Binder\" href=\"https:\/\/www.redbull.com\/fr-fr\/films\/brad-binder-becoming-33\" target=\"_blank\" rel=\"noopener\">Brad Binder<\/a> (Red\u00a0Bull KTM) n\u2019ont pas vu le drapeau \u00e0 damier.<\/p>\n<p>R\u00e9sultats et classement du Grand Prix d&rsquo;Italie de MotoGP 2025<\/p>\n","protected":false},"excerpt":{"rendered":"\u00c1lex M\u00e1rquez a fait vibrer le public catalan en remportant le Grand Prix de Catalogne au terme d\u2019une&hellip;\n","protected":false},"author":2,"featured_media":374330,"comment_status":"","ping_status":"","sticky":false,"template":"","format":"standard","meta":{"footnotes":""},"categories":[1413],"tags":[1011,27,1457,1456,60],"class_list":{"0":"post-374329","1":"post","2":"type-post","3":"status-publish","4":"format-standard","5":"has-post-thumbnail","7":"category-moto","8":"tag-fr","9":"tag-france","10":"tag-moto","11":"tag-motocycle","12":"tag-sports"},"share_on_mastodon":{"url":"https:\/\/pubeurope.com\/@fr\/115166525772179299","error":""},"_links":{"self":[{"href":"https:\/\/www.europesays.com\/fr\/wp-json\/wp\/v2\/posts\/374329","targetHints":{"allow":["GET"]}}],"collection":[{"href":"https:\/\/www.europesays.com\/fr\/wp-json\/wp\/v2\/posts"}],"about":[{"href":"https:\/\/www.europesays.com\/fr\/wp-json\/wp\/v2\/types\/post"}],"author":[{"embeddable":true,"href":"https:\/\/www.europesays.com\/fr\/wp-json\/wp\/v2\/users\/2"}],"replies":[{"embeddable":true,"href":"https:\/\/www.europesays.com\/fr\/wp-json\/wp\/v2\/comments?post=374329"}],"version-history":[{"count":0,"href":"https:\/\/www.europesays.com\/fr\/wp-json\/wp\/v2\/posts\/374329\/revisions"}],"wp:featuredmedia":[{"embeddable":true,"href":"https:\/\/www.europesays.com\/fr\/wp-json\/wp\/v2\/media\/374330"}],"wp:attachment":[{"href":"https:\/\/www.europesays.com\/fr\/wp-json\/wp\/v2\/media?parent=374329"}],"wp:term":[{"taxonomy":"category","embeddable":true,"href":"https:\/\/www.europesays.com\/fr\/wp-json\/wp\/v2\/categories?post=374329"},{"taxonomy":"post_tag","embeddable":true,"href":"https:\/\/www.europesays.com\/fr\/wp-json\/wp\/v2\/tags?post=374329"}],"curies":[{"name":"wp","href":"https:\/\/api.w.org\/{rel}","templated":true}]}}