{"id":374335,"date":"2025-09-08T03:23:11","date_gmt":"2025-09-08T03:23:11","guid":{"rendered":"https:\/\/www.europesays.com\/fr\/374335\/"},"modified":"2025-09-08T03:23:11","modified_gmt":"2025-09-08T03:23:11","slug":"d1-feminine-les-olympiennes-se-sont-battues-comme-des-lionnes-mais-sinclinent-au-groupama-stadium","status":"publish","type":"post","link":"https:\/\/www.europesays.com\/fr\/374335\/","title":{"rendered":"D1 f\u00e9minine\u00a0: les Olympiennes se sont battues comme des lionnes, mais s\u2019inclinent au Groupama Stadium"},"content":{"rendered":"<p>On <a href=\"https:\/\/www.laprovence.com\/article\/om\/5318505579274714\/om-apres-un-ete-mouvemente-les-olympiennes-plongent-dans-le-grand-bain-a-lyon\" target=\"_blank\" rel=\"noopener\">promettait l\u2019enfer aux Olympiennes<\/a> pour leurs retrouvailles avec l\u2019\u00e9lite. Difficile, effectivement, de penser autrement avec comme premier match un d\u00e9placement \u00e0 Lyon, face \u00e0 l\u2019une des meilleures formations d\u2019Europe. Un gros test d\u2019entr\u00e9e, qui allait en dire plus sur cet OM version 2025-26, un promu avec un projet qui a fi\u00e8re allure et qui s\u2019est fait remarquer gr\u00e2ce \u00e0 un mercato int\u00e9ressant.<\/p>\n<p>Certes, les Marseillaises se sont inclin\u00e9es (3-1) et il serait malhonn\u00eate de dire que le score ne refl\u00e8te pas la physionomie de la rencontre, tant les Rhodaniennes et leur pl\u00e9iade d\u2019internationales (dont certaines avaient \u00e9t\u00e9 m\u00e9nag\u00e9es) ont domin\u00e9 les d\u00e9bats hier sur la pelouse du Groupama Stadium (68% de possession, 14 tirs \u00e0 3).<\/p>\n<p>Mais les joueuses de <a href=\"https:\/\/www.laprovence.com\/article\/om\/1819181550957614\/om-feminines-de-la-deception-mais-beaucoup-de-bonnes-choses-pour-la-suite-apres-la-defaite-des-olympiennes-a-lyon\" target=\"_blank\" rel=\"noopener\">Dalin Anrifani<\/a>, propuls\u00e9 sur le devant de la sc\u00e8ne apr\u00e8s la mise \u00e0 pied de Fr\u00e9d\u00e9ric Gon\u00e7alves (qui a tout de m\u00eame \u00e9t\u00e9 annonc\u00e9 par le speaker d\u2019OL Lyonnes\u2026), ont montr\u00e9 de belles choses. \u00ab\u00a0On ne s\u2019est pas senti sous l\u2019eau, on a vraiment rivalis\u00e9, soulignait <a href=\"https:\/\/www.laprovence.com\/article\/om\/1317616747045714\/om-feminines-le-club-officialise-l-arrivee-de-mathilde-bourdieu\" target=\"_blank\" rel=\"noopener\">Mathilde Bourdieu<\/a>, qui a adouci la note en marquant dans les arr\u00eats de jeu (90+\u00a01). Lyon, c\u2019est ce qui se fait de mieux, derri\u00e8re elles ont \u00e9t\u00e9 tr\u00e8s costaud dans les duels. Pour celles qui d\u00e9cou&#8230;<\/p>\n","protected":false},"excerpt":{"rendered":"On promettait l\u2019enfer aux Olympiennes pour leurs retrouvailles avec l\u2019\u00e9lite. Difficile, effectivement, de penser autrement avec comme premier&hellip;\n","protected":false},"author":2,"featured_media":374336,"comment_status":"","ping_status":"","sticky":false,"template":"","format":"standard","meta":{"footnotes":""},"categories":[1410],"tags":[17,50837,1993,4283,63,1011,27,151,17383,149,3333,60],"class_list":{"0":"post-374335","1":"post","2":"type-post","3":"status-publish","4":"format-standard","5":"has-post-thumbnail","7":"category-football","8":"tag-17","9":"tag-battues","10":"tag-comme","11":"tag-feminine","12":"tag-football","13":"tag-fr","14":"tag-france","15":"tag-les","16":"tag-olympiennes","17":"tag-om","18":"tag-sont","19":"tag-sports"},"share_on_mastodon":{"url":"https:\/\/pubeurope.com\/@fr\/115166537574667603","error":""},"_links":{"self":[{"href":"https:\/\/www.europesays.com\/fr\/wp-json\/wp\/v2\/posts\/374335","targetHints":{"allow":["GET"]}}],"collection":[{"href":"https:\/\/www.europesays.com\/fr\/wp-json\/wp\/v2\/posts"}],"about":[{"href":"https:\/\/www.europesays.com\/fr\/wp-json\/wp\/v2\/types\/post"}],"author":[{"embeddable":true,"href":"https:\/\/www.europesays.com\/fr\/wp-json\/wp\/v2\/users\/2"}],"replies":[{"embeddable":true,"href":"https:\/\/www.europesays.com\/fr\/wp-json\/wp\/v2\/comments?post=374335"}],"version-history":[{"count":0,"href":"https:\/\/www.europesays.com\/fr\/wp-json\/wp\/v2\/posts\/374335\/revisions"}],"wp:featuredmedia":[{"embeddable":true,"href":"https:\/\/www.europesays.com\/fr\/wp-json\/wp\/v2\/media\/374336"}],"wp:attachment":[{"href":"https:\/\/www.europesays.com\/fr\/wp-json\/wp\/v2\/media?parent=374335"}],"wp:term":[{"taxonomy":"category","embeddable":true,"href":"https:\/\/www.europesays.com\/fr\/wp-json\/wp\/v2\/categories?post=374335"},{"taxonomy":"post_tag","embeddable":true,"href":"https:\/\/www.europesays.com\/fr\/wp-json\/wp\/v2\/tags?post=374335"}],"curies":[{"name":"wp","href":"https:\/\/api.w.org\/{rel}","templated":true}]}}