{"id":374359,"date":"2025-09-08T03:38:22","date_gmt":"2025-09-08T03:38:22","guid":{"rendered":"https:\/\/www.europesays.com\/fr\/374359\/"},"modified":"2025-09-08T03:38:22","modified_gmt":"2025-09-08T03:38:22","slug":"les-bleus-elimines-par-la-lituanie-en-quarts-de-finale-de-la-coupe-deurope-de-basket-3x3-lequipe","status":"publish","type":"post","link":"https:\/\/www.europesays.com\/fr\/374359\/","title":{"rendered":"Les Bleus \u00e9limin\u00e9s par la Lituanie en quarts de finale de la Coupe d&#039;Europe de basket 3&#215;3 &#8211; L&#039;\u00c9quipe"},"content":{"rendered":"<ol>\n<li><a href=\"https:\/\/news.google.com\/rss\/articles\/CBMi2gFBVV95cUxOaVJSZWY5MUhxb0pnSDNDZFJlOTZqdFFPNGs4VmxXcW9wdmtNWjNRV3o4c0xRVjNOcWNqaTZ0WFAyeklpN2hKTmxGMHBKd3pfbnloZ2ZOM2RURXI5M19zQ0Q1S0Z4cWhsUGJmM25vemRBRmdCLURySWJhdVRYc3VEMGQtcDNSTTdzMHhyQ21wN1BWLWJkaXVwT3FQOUhEUmYxUGpGaWpPZG01UVYzeUNwQ2s1c0s0NlNnSnMxYnBrZlpjSE5CUUFtVExGU210WEJtV0JfeVlFVS1KQQ?oc=5\" target=\"_blank\" rel=\"nofollow noopener\">Les Bleus \u00e9limin\u00e9s par la Lituanie en quarts de finale de la Coupe d&rsquo;Europe de basket 3&#215;3<\/a>&nbsp;&nbsp;L&rsquo;\u00c9quipe<\/li>\n<li><a href=\"https:\/\/news.google.com\/rss\/articles\/CBMi9gFBVV95cUxPa3RRbDdIY00zM3JCTndlWXVldEVrdjZjWjVEdzZLZEVXdzA1UHk3djlfY1JtOGFDRHJWNFhONXVaNVB1S2sxRk1JQTM1QTk4eFk2RUd2ODNHaHFfcjV5bTVRa3IwaTl5eGJJRUUxN0tSYzQ4Y19tRGdFaDFsU3pSeFkyTWV0VlBXbGRQQVNfVVdPeFNNcm1SSHB4SGR6a0tKeDJHMDlMYV9WTW5qMmh1VmJkaDNVVUY0cGNCeWh1djZUUUU2Y1BKcHJuM1V2YkIyejRSZy1ETXRRdFRqTzlOLWVqVXhWWUxoSXNybFEyOTZhSl92U2c?oc=5\" target=\"_blank\" rel=\"nofollow noopener\">La France surclass\u00e9e par les Pays-Bas en demi-finales de la Coupe d&rsquo;Europe de basket 3&#215;3 jouera pour le bronze<\/a>&nbsp;&nbsp;L&rsquo;\u00c9quipe<\/li>\n<li><a href=\"https:\/\/news.google.com\/rss\/articles\/CBMi8gFBVV95cUxNVzg0S2gwaGFMV29aZGUwQnlOejQ5aDljSGtlMDZ2Rko0MUltLW9uZ3VrNER4WGhzVU5vSUo4dURBU2lTSUktemRXM041SmNSN0lmbEJ4OEJLMmh4UVVxQlJpNXdxMzR6ZHh6M2NvbDMyWVFIaDV0eWt4RkJjWmU1Z2lacHNlWmhkanNBcUdocTRKUnZuNlhEaXdXaUY5SDdPazFyWXEwNlUwQVRJZ3F4am5mNldFZU1kbXoxNUlTeXAyanJtMkhWRDRSNzJpQ3pKQy1tTVpFcndLVzRob2FQdlZjTG9GOC1SMTAyNS1RLW55Zw?oc=5\" target=\"_blank\" rel=\"nofollow noopener\">\u00ab Une fiert\u00e9 \u00bb : ce joueur de Marmande s\u00e9lectionn\u00e9 pour la premi\u00e8re fois en \u00c9quipe de France de basket<\/a>&nbsp;&nbsp;Actu.fr<\/li>\n<li><a href=\"https:\/\/news.google.com\/rss\/articles\/CBMiswFBVV95cUxPeEw4TmV3RlFodjRFRVAxSU0teEcyb3JZZVlrdVhST0EySC1DMzZPaE1JU3ZNclRFQzJlek9MakdjWXhNcnBrYzRiNFBVeHZRUUJTN3hBb0RFclZHMWVNWnN4NUdYeWpiZkMxZk9YUDVOTl9pVHR0MVZXenI1UlBMcHZCOU5XX0xyQ3JKc2lIb3hBVTBXN3VyN0RZMkVRa1F0NmR1SHVsV1ZOVFpPQzVDMndlTQ?oc=5\" target=\"_blank\" rel=\"nofollow noopener\">Basket 3&#215;3 : pas de m\u00e9daille pour Monceau et les Bleus<\/a>&nbsp;&nbsp;Sud Ouest<\/li>\n<li><a href=\"https:\/\/news.google.com\/rss\/articles\/CBMixwFBVV95cUxOVUJPVjR0dGtiWlFiQ1JNam5iWkc5b3dzUFVOT3RFUGJYNm4zTXZfR2FhUlJTTm9zYVJvT25aVkMzc2tLNC1TS19KMWVQdVNZLTBjN1dXYXVUVUdBa2w0d1NfT2d1aEswdms3N3BsOHNEcVVzQ294VWxJMUlMMzZYSUxiNmYtZTcxLTNvZmcxS05NOEV6VXFIQUZfbFMtbS0xSUZxWml3NFBDLXpnNGJ2VTRaUksyUGxyUS16N3I3M2lZRzMzXzl3?oc=5\" target=\"_blank\" rel=\"nofollow noopener\">Le replay de France &#8211; Allemagne &#8211; Basket 3&#215;3 &#8211; Coupe d&rsquo;Europe<\/a>&nbsp;&nbsp;Orange Actualit\u00e9s | Sports<\/li>\n<\/ol>\n","protected":false},"excerpt":{"rendered":"Les Bleus \u00e9limin\u00e9s par la Lituanie en quarts de finale de la Coupe d&rsquo;Europe de basket 3&#215;3&nbsp;&nbsp;L&rsquo;\u00c9quipe La&hellip;\n","protected":false},"author":2,"featured_media":374360,"comment_status":"","ping_status":"","sticky":false,"template":"","format":"standard","meta":{"footnotes":""},"categories":[2],"tags":[11,1011,27,12],"class_list":{"0":"post-374359","1":"post","2":"type-post","3":"status-publish","4":"format-standard","5":"has-post-thumbnail","7":"category-actualites","8":"tag-actualites","9":"tag-fr","10":"tag-france","11":"tag-news"},"share_on_mastodon":{"url":"https:\/\/pubeurope.com\/@fr\/115166596535246220","error":""},"_links":{"self":[{"href":"https:\/\/www.europesays.com\/fr\/wp-json\/wp\/v2\/posts\/374359","targetHints":{"allow":["GET"]}}],"collection":[{"href":"https:\/\/www.europesays.com\/fr\/wp-json\/wp\/v2\/posts"}],"about":[{"href":"https:\/\/www.europesays.com\/fr\/wp-json\/wp\/v2\/types\/post"}],"author":[{"embeddable":true,"href":"https:\/\/www.europesays.com\/fr\/wp-json\/wp\/v2\/users\/2"}],"replies":[{"embeddable":true,"href":"https:\/\/www.europesays.com\/fr\/wp-json\/wp\/v2\/comments?post=374359"}],"version-history":[{"count":0,"href":"https:\/\/www.europesays.com\/fr\/wp-json\/wp\/v2\/posts\/374359\/revisions"}],"wp:featuredmedia":[{"embeddable":true,"href":"https:\/\/www.europesays.com\/fr\/wp-json\/wp\/v2\/media\/374360"}],"wp:attachment":[{"href":"https:\/\/www.europesays.com\/fr\/wp-json\/wp\/v2\/media?parent=374359"}],"wp:term":[{"taxonomy":"category","embeddable":true,"href":"https:\/\/www.europesays.com\/fr\/wp-json\/wp\/v2\/categories?post=374359"},{"taxonomy":"post_tag","embeddable":true,"href":"https:\/\/www.europesays.com\/fr\/wp-json\/wp\/v2\/tags?post=374359"}],"curies":[{"name":"wp","href":"https:\/\/api.w.org\/{rel}","templated":true}]}}