{"id":374361,"date":"2025-09-08T03:40:22","date_gmt":"2025-09-08T03:40:22","guid":{"rendered":"https:\/\/www.europesays.com\/fr\/374361\/"},"modified":"2025-09-08T03:40:22","modified_gmt":"2025-09-08T03:40:22","slug":"asse-en-ligue-2-horneland-pense-deja-a-la-ligue-des-champions","status":"publish","type":"post","link":"https:\/\/www.europesays.com\/fr\/374361\/","title":{"rendered":"ASSE : En ligue 2, Horneland pense d\u00e9j\u00e0 \u00e0&#8230; la Ligue des Champions"},"content":{"rendered":"<p>Alors que l\u2019ASSE est en Ligue 2, Eirik Horneland pense d\u00e9j\u00e0 \u00e0 jouer une coupe d\u2019Europe avec les Verts.<\/p>\n<p>Une chose est certaine, Saint-\u00c9tienne a pris un gros d\u00e9part en Ligue 2 ! Rel\u00e9gu\u00e9 apr\u00e8s une saison catastrophique en Ligue 1, l\u2019ASSE a d\u00e9pens\u00e9 plus que tout le monde et occupe logiquement la premi\u00e8re place du classement apr\u00e8s 4 journ\u00e9es. Que cela soit les observateurs, les concurrents en Ligue 2 ou les supporteurs st\u00e9phanois, tout le monde voit l\u2019ASSE remonter d\u00e8s cette saison 2025\/2026.<\/p>\n<p>Horneland vise une coupe d\u2019Europe<\/p>\n<p>Visiblement, Eirik Horneland voit plus loin. L\u2019entra\u00eeneur norv\u00e9gien de l\u2019ASSE a donn\u00e9 une interview au <a href=\"https:\/\/www.leprogres.fr\/sport\/2025\/09\/07\/eirik-horneland-l-asse-doit-remonter-il-n-y-a-pas-d-autre-option\" rel=\"nofollow noopener\" target=\"_blank\">Progr\u00e8s<\/a> ce dimanche 7 septembre et il n\u2019a pas cach\u00e9 une ambition \u00e9tonnante. \u00ab\u00a0La saison pass\u00e9e, l\u2019objectif principal \u00e9tait de maintenir l\u2019ASSE en Ligue 1. Nous n\u2019y sommes pas parvenus, c\u2019\u00e9tait difficile \u00e0 accepter, mais ce qui s\u2019est pass\u00e9 est termin\u00e9\u00a0\u00bb, a-t-il insist\u00e9.<\/p>\n<p>\u00ab\u00a0Il s\u2019agit maintenant de cr\u00e9er quelque chose de bien, de cr\u00e9er une certaine fiert\u00e9 \u00e0 Saint-\u00c9tienne et dans ses environs. On veut cr\u00e9er du bon football et une bonne ambiance. Saint-\u00c9tienne est une \u00e9quipe qui appartient \u00e0 l\u2019\u00e9chelle europ\u00e9enne. Dans le futur, nous voulons ramener la famille de l\u2019ASSE dans les comp\u00e9titions europ\u00e9ennes\u00a0\u00bb, a conclu Eirik Horneland.<\/p>\n<p>L\u2019ambition, le Norv\u00e9gien n\u2019en manque pas mais attention \u00e0 ne pas trop s\u2019enflammer quand m\u00eame. Car voir l\u2019ASSE en Ligue des Champions ou dans une autre coupe d\u2019Europe, \u00e7a remonte \u00e0 bien loin. En 2019\/2020, les Verts avait termin\u00e9 3e de poules en Ligue Europa. Une campagne qui avait \u00e9t\u00e9 rat\u00e9e avec 4 matchs nuls\u2026<\/p>\n","protected":false},"excerpt":{"rendered":"Alors que l\u2019ASSE est en Ligue 2, Eirik Horneland pense d\u00e9j\u00e0 \u00e0 jouer une coupe d\u2019Europe avec les&hellip;\n","protected":false},"author":2,"featured_media":374362,"comment_status":"","ping_status":"","sticky":false,"template":"","format":"standard","meta":{"footnotes":""},"categories":[9653],"tags":[1111,11,2430,1777,674,1011,27,12,25,4001],"class_list":{"0":"post-374361","1":"post","2":"type-post","3":"status-publish","4":"format-standard","5":"has-post-thumbnail","7":"category-saint-etienne","8":"tag-actu","9":"tag-actualites","10":"tag-auvergne-rhone-alpes","11":"tag-eu","12":"tag-europe","13":"tag-fr","14":"tag-france","15":"tag-news","16":"tag-republique-francaise","17":"tag-saint-etienne"},"share_on_mastodon":{"url":"https:\/\/pubeurope.com\/@fr\/115166604401440711","error":""},"_links":{"self":[{"href":"https:\/\/www.europesays.com\/fr\/wp-json\/wp\/v2\/posts\/374361","targetHints":{"allow":["GET"]}}],"collection":[{"href":"https:\/\/www.europesays.com\/fr\/wp-json\/wp\/v2\/posts"}],"about":[{"href":"https:\/\/www.europesays.com\/fr\/wp-json\/wp\/v2\/types\/post"}],"author":[{"embeddable":true,"href":"https:\/\/www.europesays.com\/fr\/wp-json\/wp\/v2\/users\/2"}],"replies":[{"embeddable":true,"href":"https:\/\/www.europesays.com\/fr\/wp-json\/wp\/v2\/comments?post=374361"}],"version-history":[{"count":0,"href":"https:\/\/www.europesays.com\/fr\/wp-json\/wp\/v2\/posts\/374361\/revisions"}],"wp:featuredmedia":[{"embeddable":true,"href":"https:\/\/www.europesays.com\/fr\/wp-json\/wp\/v2\/media\/374362"}],"wp:attachment":[{"href":"https:\/\/www.europesays.com\/fr\/wp-json\/wp\/v2\/media?parent=374361"}],"wp:term":[{"taxonomy":"category","embeddable":true,"href":"https:\/\/www.europesays.com\/fr\/wp-json\/wp\/v2\/categories?post=374361"},{"taxonomy":"post_tag","embeddable":true,"href":"https:\/\/www.europesays.com\/fr\/wp-json\/wp\/v2\/tags?post=374361"}],"curies":[{"name":"wp","href":"https:\/\/api.w.org\/{rel}","templated":true}]}}