{"id":374363,"date":"2025-09-08T03:41:16","date_gmt":"2025-09-08T03:41:16","guid":{"rendered":"https:\/\/www.europesays.com\/fr\/374363\/"},"modified":"2025-09-08T03:41:16","modified_gmt":"2025-09-08T03:41:16","slug":"meurthe-et-moselle-la-collectionnite-est-un-domaine-en-perte-de-vitesse","status":"publish","type":"post","link":"https:\/\/www.europesays.com\/fr\/374363\/","title":{"rendered":"Meurthe-et-Moselle. \u00ab\u00a0La collectionnite est un domaine en perte de vitesse\u00a0\u00bb"},"content":{"rendered":"<p>Il y a ceux qui sont capables d\u2019\u00e9cumer les salles pour trouver une s\u00e9rie de timbres rares. Ceux qui seraient pr\u00eats \u00e0 d\u00e9bourser des centaines d\u2019euros pour un disque rare de leur chanteur pr\u00e9f\u00e9r\u00e9. Ceux qui recherchent des m\u00e9dailles militaires d\u2019un maximum de pays. Ou encore ceux qui pourraient vous parler de boules \u00e0 neige\u2026 Bienvenue dans le monde merveilleux des collectionneurs\u00a0! Alors que tout ou presque se collectionne, la France est touch\u00e9e de longue date par la \u00ab\u00a0collectionnite aigu\u00eb\u00a0\u00bb.<\/p>\n<p>D\u2019apr\u00e8s une \u00e9tude r\u00e9alis\u00e9e par l\u2019IFOP en 2021, 39\u00a0% des Fran\u00e7ais collectionneraient un type d\u2019objets et sur le site Ebay, qui avait command\u00e9 cette \u00e9tude, plus de 1,8\u00a0million d\u2019objets sont propos\u00e9s dans la&#8230;<\/p>\n","protected":false},"excerpt":{"rendered":"Il y a ceux qui sont capables d\u2019\u00e9cumer les salles pour trouver une s\u00e9rie de timbres rares. Ceux&hellip;\n","protected":false},"author":2,"featured_media":374364,"comment_status":"","ping_status":"","sticky":false,"template":"","format":"standard","meta":{"footnotes":""},"categories":[9635],"tags":[1111,11,1687,1707,1704,1706,1705,1777,674,2271,1685,1011,27,775,1757,1702,1703,12,2661,25],"class_list":{"0":"post-374363","1":"post","2":"type-post","3":"status-publish","4":"format-standard","5":"has-post-thumbnail","7":"category-nancy","8":"tag-actu","9":"tag-actualites","10":"tag-culture-loisirs","11":"tag-edition-luneville","12":"tag-edition-nancy-et-agglomeration","13":"tag-edition-pont-a-mousson","14":"tag-edition-toul","15":"tag-eu","16":"tag-europe","17":"tag-exposition-arts-plastiques","18":"tag-foire-et-salon","19":"tag-fr","20":"tag-france","21":"tag-grand-est","22":"tag-insolite","23":"tag-nancy","24":"tag-nancy-ville-54b","25":"tag-news","26":"tag-patrimoine-culturel","27":"tag-republique-francaise"},"share_on_mastodon":{"url":"https:\/\/pubeurope.com\/@fr\/115166608255021306","error":""},"_links":{"self":[{"href":"https:\/\/www.europesays.com\/fr\/wp-json\/wp\/v2\/posts\/374363","targetHints":{"allow":["GET"]}}],"collection":[{"href":"https:\/\/www.europesays.com\/fr\/wp-json\/wp\/v2\/posts"}],"about":[{"href":"https:\/\/www.europesays.com\/fr\/wp-json\/wp\/v2\/types\/post"}],"author":[{"embeddable":true,"href":"https:\/\/www.europesays.com\/fr\/wp-json\/wp\/v2\/users\/2"}],"replies":[{"embeddable":true,"href":"https:\/\/www.europesays.com\/fr\/wp-json\/wp\/v2\/comments?post=374363"}],"version-history":[{"count":0,"href":"https:\/\/www.europesays.com\/fr\/wp-json\/wp\/v2\/posts\/374363\/revisions"}],"wp:featuredmedia":[{"embeddable":true,"href":"https:\/\/www.europesays.com\/fr\/wp-json\/wp\/v2\/media\/374364"}],"wp:attachment":[{"href":"https:\/\/www.europesays.com\/fr\/wp-json\/wp\/v2\/media?parent=374363"}],"wp:term":[{"taxonomy":"category","embeddable":true,"href":"https:\/\/www.europesays.com\/fr\/wp-json\/wp\/v2\/categories?post=374363"},{"taxonomy":"post_tag","embeddable":true,"href":"https:\/\/www.europesays.com\/fr\/wp-json\/wp\/v2\/tags?post=374363"}],"curies":[{"name":"wp","href":"https:\/\/api.w.org\/{rel}","templated":true}]}}