{"id":374369,"date":"2025-09-08T03:46:42","date_gmt":"2025-09-08T03:46:42","guid":{"rendered":"https:\/\/www.europesays.com\/fr\/374369\/"},"modified":"2025-09-08T03:46:42","modified_gmt":"2025-09-08T03:46:42","slug":"le-chantier-de-la-nouvelle-station-boirargues-lance-a-montpellier","status":"publish","type":"post","link":"https:\/\/www.europesays.com\/fr\/374369\/","title":{"rendered":"le chantier de la nouvelle station \u00ab\u00a0Boirargues\u00a0\u00bb lanc\u00e9 \u00e0 Montpellier"},"content":{"rendered":"<p><strong>Les travaux de la future station \u201cBoirargues\u201d de la ligne 3 de tramway \u00e0 Montpellier sont lanc\u00e9s. Elle permettra de renforcer la desserte directe du quartier du m\u00eame nom et de la zone commerciale Solis\/Soriech. La mise en service est pr\u00e9vue pour janvier 2026. <\/strong><\/p>\n<p><img fetchpriority=\"high\" decoding=\"async\" width=\"1200\" height=\"798\" src=\"https:\/\/www.europesays.com\/fr\/wp-content\/uploads\/2025\/09\/station-Boirargues-2.jpg\" alt=\"Ligne 3 du tramway : le chantier de la nouvelle station &quot;Boirargues&quot; a d\u00e9but\u00e9 \u00e0 Montpellier\"  \/><\/p>\n<p>Ligne 3 du tramway : le chantier de la nouvelle station \u201cBoirargues\u201d a d\u00e9but\u00e9 \u00e0 Montpellier \u00a9Ludovic Severac \u2013 Ville et M\u00e9tropole de Montpellier<\/p>\n<p>Le service de tramway<strong> ne cesse de s\u2019\u00e9tendre \u00e0 Montpellier<\/strong>. Alors que<a href=\"https:\/\/www.lejournaltoulousain.fr\/occitanie\/actualites-occitanie\/montpellier-la-ligne-5-du-tramway-fait-ses-premiers-essais-avant-son-ouverture-en-decembre-334479\/\" data-type=\"link\" data-id=\"https:\/\/www.lejournaltoulousain.fr\/occitanie\/actualites-occitanie\/montpellier-la-ligne-5-du-tramway-fait-ses-premiers-essais-avant-son-ouverture-en-decembre-334479\/\" rel=\"nofollow noopener\" target=\"_blank\"> les essais de la ligne 5 se poursuivent<\/a>, <strong>les travaux ont d\u00e9but\u00e9 sur la ligne 3<\/strong>. \u00ab Le projet de cr\u00e9ation d\u2019une nouvelle station, int\u00e9gr\u00e9e \u00e0 la ligne existante, a r\u00e9cemment \u00e9t\u00e9 reconnu d\u2019utilit\u00e9 publique \u00bb, indique la Ville et M\u00e9tropole de Montpellier dans un communiqu\u00e9 de presse publi\u00e9 ce mercredi 03 septembre. En effet, la future station \u201cBoirargues\u201d, dont le chantier vient d\u2019\u00eatre lanc\u00e9, devrait permettre \u00e0<strong> 3000 personnes d\u2019\u00eatre desservies dans le quartier du m\u00eame nom et la zone commerciale Solis\/Soriech<\/strong>. <\/p>\n<p>Un nouvel arr\u00eat de tramway entre les stations Pablo Picasso et Boirargues<\/p>\n<p>Le chantier pr\u00e9voit l\u2019\u00e9largissement de la chauss\u00e9e ainsi que la r\u00e9alisation des massifs des poteaux de la ligne a\u00e9rienne de contact ext\u00e9rieurs. Ce nouvel arr\u00eat de tramway sera situ\u00e9 entre<strong> la station Pablo Picasso et l\u2019actuelle station Boirargues, prochainement renomm\u00e9e \u201cSoriech\u201d<\/strong>. \u00a0\u00ab Implant\u00e9e sur l\u2019avenue Georges Fr\u00eache, elle se situera \u00e0 hauteur du quartier \u00e9ponyme, au niveau de l\u2019intersection avec le chemin du Mas Rouge et le chemin de Soriech \u00bb, pr\u00e9cise les collectivit\u00e9s. <strong>Une liaison routi\u00e8re sera ensuite cr\u00e9\u00e9e\u00a0\u00e0 Lattes<\/strong> entre ces deux chemins.  <\/p>\n<p>La mise en service pr\u00e9vue d\u00e9but 2026 <\/p>\n<p>Les usagers devraient pouvoir profiter de la nouvelle station \u201cBoirargues\u201d <strong>\u00e0 partir du 14 janvier 2026<\/strong>, avec un passage de tram toutes les 6 \u00e0 7 minutes. Un autre avantage, notamment pour les travailleurs : l\u2019acc\u00e8s direct \u00e0 plus de 100 entreprises du quartier. En attendant, les habitants pourront rejoindre le centre-ville de Montpellier en 20 minutes, depuis la gare Sud de France,<strong> le 18 octobre prochain, avec <a href=\"https:\/\/www.montpellier.fr\/actions\/grands-projets\/extension-de-la-ligne-1-du-tramway\" target=\"_blank\" data-type=\"link\" data-id=\"https:\/\/www.montpellier.fr\/actions\/grands-projets\/extension-de-la-ligne-1-du-tramway\" rel=\"noreferrer noopener nofollow\">la mise en service du nouveau terminus de la ligne 1<\/a>. <\/strong><\/p>\n","protected":false},"excerpt":{"rendered":"Les travaux de la future station \u201cBoirargues\u201d de la ligne 3 de tramway \u00e0 Montpellier sont lanc\u00e9s. Elle&hellip;\n","protected":false},"author":2,"featured_media":374370,"comment_status":"","ping_status":"","sticky":false,"template":"","format":"standard","meta":{"footnotes":""},"categories":[9599],"tags":[1111,11,1777,674,1011,27,50842,2208,12,2680,25],"class_list":{"0":"post-374369","1":"post","2":"type-post","3":"status-publish","4":"format-standard","5":"has-post-thumbnail","7":"category-montpellier","8":"tag-actu","9":"tag-actualites","10":"tag-eu","11":"tag-europe","12":"tag-fr","13":"tag-france","14":"tag-ligne-3-du-tramway-le-chantier-de-la-nouvelle-station-boirargues-lancu00e9-u00e0-montpellier","15":"tag-montpellier","16":"tag-news","17":"tag-occitanie","18":"tag-republique-francaise"},"share_on_mastodon":{"url":"https:\/\/pubeurope.com\/@fr\/115166628343960230","error":""},"_links":{"self":[{"href":"https:\/\/www.europesays.com\/fr\/wp-json\/wp\/v2\/posts\/374369","targetHints":{"allow":["GET"]}}],"collection":[{"href":"https:\/\/www.europesays.com\/fr\/wp-json\/wp\/v2\/posts"}],"about":[{"href":"https:\/\/www.europesays.com\/fr\/wp-json\/wp\/v2\/types\/post"}],"author":[{"embeddable":true,"href":"https:\/\/www.europesays.com\/fr\/wp-json\/wp\/v2\/users\/2"}],"replies":[{"embeddable":true,"href":"https:\/\/www.europesays.com\/fr\/wp-json\/wp\/v2\/comments?post=374369"}],"version-history":[{"count":0,"href":"https:\/\/www.europesays.com\/fr\/wp-json\/wp\/v2\/posts\/374369\/revisions"}],"wp:featuredmedia":[{"embeddable":true,"href":"https:\/\/www.europesays.com\/fr\/wp-json\/wp\/v2\/media\/374370"}],"wp:attachment":[{"href":"https:\/\/www.europesays.com\/fr\/wp-json\/wp\/v2\/media?parent=374369"}],"wp:term":[{"taxonomy":"category","embeddable":true,"href":"https:\/\/www.europesays.com\/fr\/wp-json\/wp\/v2\/categories?post=374369"},{"taxonomy":"post_tag","embeddable":true,"href":"https:\/\/www.europesays.com\/fr\/wp-json\/wp\/v2\/tags?post=374369"}],"curies":[{"name":"wp","href":"https:\/\/api.w.org\/{rel}","templated":true}]}}