{"id":374377,"date":"2025-09-08T03:55:53","date_gmt":"2025-09-08T03:55:53","guid":{"rendered":"https:\/\/www.europesays.com\/fr\/374377\/"},"modified":"2025-09-08T03:55:53","modified_gmt":"2025-09-08T03:55:53","slug":"18-sites-sur-87-non-conformes","status":"publish","type":"post","link":"https:\/\/www.europesays.com\/fr\/374377\/","title":{"rendered":"18 sites sur 87 non conformes"},"content":{"rendered":"<p>La direction r\u00e9gionale de l\u2019environnement, de l\u2019am\u00e9nagement et du logement (Dreal), en charge des installations class\u00e9es pour la protection de l\u2019environnement, a publi\u00e9 cette semaine les r\u00e9sultats de ses actions de contr\u00f4le et de sensibilisation des op\u00e9rateurs de silos \u00e0 grains, qu\u2019elle a men\u00e9e fin juillet-d\u00e9but ao\u00fbt dans le Grand Est. Lors de cette op\u00e9ration, seuls les petits silos d\u2019une capacit\u00e9 inf\u00e9rieure \u00e0 15\u00a0000 m3 ont \u00e9t\u00e9 cibl\u00e9s car <a href=\"https:\/\/www.dna.fr\/edition-de-strasbourg\/2019\/06\/13\/les-silos-de-cereales-passes-au-crible\" target=\"_blank\" rel=\"nofollow noopener\">les grands silos font l\u2019objet de contr\u00f4les r\u00e9guliers sp\u00e9cifiques, tous les trois ans a minima, de l\u2019Inspection des installations class\u00e9es<\/a>.<\/p>\n<p>Au total, sur les 204 silos concern\u00e9s r\u00e9pertori\u00e9s, 87, tous situ\u00e9s en zone de cultures, parmi lesquels 8 en Alsace, ont \u00e9t\u00e9 inspect\u00e9s. La Dreal a qualifi\u00e9 la situation de \u00ab\u00a0globalement satisfaisante\u00a0\u00bb m\u00eame si elle fait \u00e9tat de 18 silos (20 %) non conformes, parmi lesquels un silo situ\u00e9 dans le Bas-Rhin et un second dans le Haut-Rhin.<\/p>\n<p>Ces silos \u00ab\u00a0non conformes\u00a0\u00bb pr\u00e9sentaient des niveaux d\u2019empoussi\u00e8rement trop importants, <a href=\"https:\/\/www.dna.fr\/actualite\/2018\/06\/30\/explosion-du-silo-a-grains-le-6-juin-dernier-peu-de-fibres-d-amiante\" target=\"_blank\" rel=\"nofollow noopener\">susceptibles donc de g\u00e9n\u00e9rer des explosions<\/a>. Ils devraient prochainement \u00eatre destinataires d\u2019un courrier de la pr\u00e9fecture les mettant en demeure de rem\u00e9dier rapidement \u00e0 cette anomalie.<\/p>\n","protected":false},"excerpt":{"rendered":"La direction r\u00e9gionale de l\u2019environnement, de l\u2019am\u00e9nagement et du logement (Dreal), en charge des installations class\u00e9es pour la&hellip;\n","protected":false},"author":2,"featured_media":374378,"comment_status":"","ping_status":"","sticky":false,"template":"","format":"standard","meta":{"footnotes":""},"categories":[2820],"tags":[1111,11,327,2389,2649,33,2880,436,1777,674,107,1011,27,775,12,25,640,2879],"class_list":{"0":"post-374377","1":"post","2":"type-post","3":"status-publish","4":"format-standard","5":"has-post-thumbnail","7":"category-strasbourg","8":"tag-actu","9":"tag-actualites","10":"tag-agriculture","11":"tag-alsace","12":"tag-bas-rhin","13":"tag-economie","14":"tag-edition-strasbourg","15":"tag-environnement","16":"tag-eu","17":"tag-europe","18":"tag-fil-info","19":"tag-fr","20":"tag-france","21":"tag-grand-est","22":"tag-news","23":"tag-republique-francaise","24":"tag-strasbourg","25":"tag-strasbourg-ville"},"share_on_mastodon":{"url":"https:\/\/pubeurope.com\/@fr\/115166667297070639","error":""},"_links":{"self":[{"href":"https:\/\/www.europesays.com\/fr\/wp-json\/wp\/v2\/posts\/374377","targetHints":{"allow":["GET"]}}],"collection":[{"href":"https:\/\/www.europesays.com\/fr\/wp-json\/wp\/v2\/posts"}],"about":[{"href":"https:\/\/www.europesays.com\/fr\/wp-json\/wp\/v2\/types\/post"}],"author":[{"embeddable":true,"href":"https:\/\/www.europesays.com\/fr\/wp-json\/wp\/v2\/users\/2"}],"replies":[{"embeddable":true,"href":"https:\/\/www.europesays.com\/fr\/wp-json\/wp\/v2\/comments?post=374377"}],"version-history":[{"count":0,"href":"https:\/\/www.europesays.com\/fr\/wp-json\/wp\/v2\/posts\/374377\/revisions"}],"wp:featuredmedia":[{"embeddable":true,"href":"https:\/\/www.europesays.com\/fr\/wp-json\/wp\/v2\/media\/374378"}],"wp:attachment":[{"href":"https:\/\/www.europesays.com\/fr\/wp-json\/wp\/v2\/media?parent=374377"}],"wp:term":[{"taxonomy":"category","embeddable":true,"href":"https:\/\/www.europesays.com\/fr\/wp-json\/wp\/v2\/categories?post=374377"},{"taxonomy":"post_tag","embeddable":true,"href":"https:\/\/www.europesays.com\/fr\/wp-json\/wp\/v2\/tags?post=374377"}],"curies":[{"name":"wp","href":"https:\/\/api.w.org\/{rel}","templated":true}]}}