{"id":37438,"date":"2025-04-19T22:17:15","date_gmt":"2025-04-19T22:17:15","guid":{"rendered":"https:\/\/www.europesays.com\/fr\/37438\/"},"modified":"2025-04-19T22:17:15","modified_gmt":"2025-04-19T22:17:15","slug":"google-est-juge-coupable-de-monopole-letau-se-resserre","status":"publish","type":"post","link":"https:\/\/www.europesays.com\/fr\/37438\/","title":{"rendered":"Google est jug\u00e9 coupable de monopole : l&rsquo;\u00e9tau se resserre"},"content":{"rendered":"<p>Google a \u00e9t\u00e9 une nouvelle fois reconnu par un juge f\u00e9d\u00e9ral aux \u00c9tats-Unis en situation de monopole. La firme doit d\u00e9sormais corriger le tir.<\/p>\n<p><a href=\"https:\/\/images.frandroid.com\/wp-content\/uploads\/2025\/04\/google-illustration.jpg\" target=\"_blank\" class=\"article-content__figure\" rel=\"nofollow noopener\"><img fetchpriority=\"high\" decoding=\"async\" loading=\"eager\" width=\"1200\" height=\"675\" src=\"https:\/\/www.europesays.com\/fr\/wp-content\/uploads\/2025\/04\/google-illustration-1200x675-1.jpg\" alt=\"\" class=\"wp-image-2586327 wp-image wp-image\"  \/><\/a><\/p>\n<p>Les mauvaises nouvelles s\u2019accumulent pour Google. Le g\u00e9ant de la recherche a \u00e9t\u00e9 reconnu coupable <a href=\"https:\/\/www.frandroid.com\/marques\/google\/2274824_google-condamne-pour-abus-de-position-dominante-et-maintenant-que-va-t-il-se-passer\" rel=\"nofollow noopener\" target=\"_blank\">une premi\u00e8re fois en 2024<\/a>, puis une nouvelle fois en moins d\u2019un an cette nuit. <\/p>\n<p>Un juge f\u00e9d\u00e9ral aux \u00c9tats-Unis a, en effet, conclu que Google \u00e9tait bel et bien en situation de monopole sur le march\u00e9 de la publicit\u00e9 en ligne.<\/p>\n<p>Plus concr\u00e8tement, il s\u2019agit en fait de reconnaitre la position probl\u00e9matique de Google sur trois aspects du march\u00e9 de la publicit\u00e9 en ligne.<\/p>\n<p>Tout d\u2019abord, Google est en situation de monopole sur les outils utilis\u00e9s par les annonceurs pour g\u00e9r\u00e9r les publicit\u00e9s en ligne. Ici est vis\u00e9 particuli\u00e8rement DoubleClick for Publishers.<\/p>\n<p>D\u2019apr\u00e8s le juge, Google a pu volontairement d\u00e9graderla qualit\u00e9 de service de DoubleClick for Publishers sans craindre de voir ses clients se tourner vers une alternative, le signe d\u00e9finitif d\u2019une position dominante.<\/p>\n<p>Google a \u00e9galement une position dominante sur le domaine des places de march\u00e9 de la publicit\u00e9 avec son service AdX. L\u00e0 aussi, Google impose une commission de 20% et refuse de la baisser, ce qui montre que la position dominante de Google n\u2019est plus soumise \u00e0 une concurrence le for\u00e7ant \u00e0 \u00eatre comp\u00e9titif. <\/p>\n<p>Troisi\u00e8me aspect : le r\u00e9seau mettant en relation par Google les \u00e9diteurs de contenu et les annonceurs. Sur ce point, le juge a d\u00e9termin\u00e9 qu\u2019il ne s\u2019agissait pas vraiment d\u2019un march\u00e9, et donc que la position de Google ne pouvait \u00eatre jug\u00e9e monopolistique.<\/p>\n<p>\u00c0 quoi est condamn\u00e9 Google ?<\/p>\n<p>Et maintenant ? Google a \u00e9t\u00e9 reconnu deux fois en situation de monopole en quelques mois et le juge f\u00e9d\u00e9ral exige donc de la firme qu\u2019elle se mette en conformit\u00e9.<\/p>\n<p>Bien s\u00fbr, il n\u2019est pas question qu\u2019elle d\u00e9cide seule de la suite du programme. Le DOJ, le d\u00e9partement de la justice am\u00e9ricain, l\u2019accusation sur cette affaire, doit porter des demandes sur lesquels le juge tranchera.<\/p>\n<p>Ici, le DOJ a demand\u00e9 \u00e0 la fois une amende record, mais aussi un d\u00e9mant\u00e8lement de Google. Si le juge tranche une nouvelle fois en faveur du DOJ, Google devra se s\u00e9parer d\u2019AdX.<\/p>\n","protected":false},"excerpt":{"rendered":"Google a \u00e9t\u00e9 une nouvelle fois reconnu par un juge f\u00e9d\u00e9ral aux \u00c9tats-Unis en situation de monopole. La&hellip;\n","protected":false},"author":2,"featured_media":37439,"comment_status":"","ping_status":"","sticky":false,"template":"","format":"standard","meta":{"footnotes":""},"categories":[6],"tags":[270,35,33,34,1011,27],"class_list":{"0":"post-37438","1":"post","2":"type-post","3":"status-publish","4":"format-standard","5":"has-post-thumbnail","7":"category-economie","8":"tag-breaking","9":"tag-business","10":"tag-economie","11":"tag-economy","12":"tag-fr","13":"tag-france"},"share_on_mastodon":{"url":"https:\/\/pubeurope.com\/@fr\/114366948493454626","error":""},"_links":{"self":[{"href":"https:\/\/www.europesays.com\/fr\/wp-json\/wp\/v2\/posts\/37438","targetHints":{"allow":["GET"]}}],"collection":[{"href":"https:\/\/www.europesays.com\/fr\/wp-json\/wp\/v2\/posts"}],"about":[{"href":"https:\/\/www.europesays.com\/fr\/wp-json\/wp\/v2\/types\/post"}],"author":[{"embeddable":true,"href":"https:\/\/www.europesays.com\/fr\/wp-json\/wp\/v2\/users\/2"}],"replies":[{"embeddable":true,"href":"https:\/\/www.europesays.com\/fr\/wp-json\/wp\/v2\/comments?post=37438"}],"version-history":[{"count":0,"href":"https:\/\/www.europesays.com\/fr\/wp-json\/wp\/v2\/posts\/37438\/revisions"}],"wp:featuredmedia":[{"embeddable":true,"href":"https:\/\/www.europesays.com\/fr\/wp-json\/wp\/v2\/media\/37439"}],"wp:attachment":[{"href":"https:\/\/www.europesays.com\/fr\/wp-json\/wp\/v2\/media?parent=37438"}],"wp:term":[{"taxonomy":"category","embeddable":true,"href":"https:\/\/www.europesays.com\/fr\/wp-json\/wp\/v2\/categories?post=37438"},{"taxonomy":"post_tag","embeddable":true,"href":"https:\/\/www.europesays.com\/fr\/wp-json\/wp\/v2\/tags?post=37438"}],"curies":[{"name":"wp","href":"https:\/\/api.w.org\/{rel}","templated":true}]}}