{"id":374383,"date":"2025-09-08T03:58:57","date_gmt":"2025-09-08T03:58:57","guid":{"rendered":"https:\/\/www.europesays.com\/fr\/374383\/"},"modified":"2025-09-08T03:58:57","modified_gmt":"2025-09-08T03:58:57","slug":"orvault-les-aperos-citoyens-poursuivent-leur-tournee","status":"publish","type":"post","link":"https:\/\/www.europesays.com\/fr\/374383\/","title":{"rendered":"Orvault. Les Ap\u00e9ros citoyens poursuivent leur tourn\u00e9e"},"content":{"rendered":"<p>Apr\u00e8s une pause estivale, les Ap\u00e9ros citoyens se poursuivent dans les quartiers orvaltais du 9 au 26\u00a0septembre, pour permettre la rencontre entre habitants et \u00e9lus municipaux.<\/p>\n<p>Ces rendez-vous de proximit\u00e9 sont l\u2019occasion d\u2019\u00e9changer sur les projets de chaque quartier ou de la Ville, de partager ses id\u00e9es et ses remarques dans un contexte informel et convivial.<\/p>\n<p>Les rendez-vous en septembre<\/p>\n<p>Quartier Bois-Raguenet \u2013 devant la Salle Saint-Ren\u00e9 \u2013 chemin des Matines\u00a0: mardi 9\u00a0septembre, de 17\u00a0h \u00e0 19\u00a0h.<\/p>\n<p>Quartier Bout des Pav\u00e9s, pont du Cens \u2013 esplanade du Bout des Pav\u00e9s \u2013 route de Rennes\u00a0: mardi 16\u00a0septembre de 17\u00a0h \u00e0 19\u00a0h.<\/p>\n<p>Quartier Salentine \u2013 devant l\u2019\u00e9cole Salentine \u2013 all\u00e9e des Tilleuls\u00a0: lundi 22\u00a0septembre de 17\u00a0h \u00e0 19\u00a0h.<\/p>\n<p>Quartier Bourg, secteur rural \u2013 parvis de la m\u00e9diath\u00e8que Orm\u00e9do \u2013 promenade de l\u2019Europe\u00a0: mercredi 24\u00a0septembre de 17\u00a0h \u00e0 19\u00a0h.<\/p>\n<p>Quartier du Petit-Chantilly \u2013 March\u00e9 du Petit-Chantilly \u2013 rue de Kindia\u00a0: vendredi 26\u00a0septembre de 17\u00a0h \u00e0 19\u00a0h.<\/p>\n<p>Contact\u00a0: orvault.fr<\/p>\n<p>\u00a0<\/p>\n","protected":false},"excerpt":{"rendered":"Apr\u00e8s une pause estivale, les Ap\u00e9ros citoyens se poursuivent dans les quartiers orvaltais du 9 au 26\u00a0septembre, pour&hellip;\n","protected":false},"author":2,"featured_media":374384,"comment_status":"","ping_status":"","sticky":false,"template":"","format":"standard","meta":{"footnotes":""},"categories":[2818],"tags":[1111,11,19963,28489,1777,674,1011,27,766,12,4151,2636,18074,25,4441],"class_list":{"0":"post-374383","1":"post","2":"type-post","3":"status-publish","4":"format-standard","5":"has-post-thumbnail","7":"category-nantes","8":"tag-actu","9":"tag-actualites","10":"tag-aperos","11":"tag-citoyens","12":"tag-eu","13":"tag-europe","14":"tag-fr","15":"tag-france","16":"tag-nantes","17":"tag-news","18":"tag-orvault","19":"tag-pays-de-la-loire","20":"tag-poursuivent","21":"tag-republique-francaise","22":"tag-tournee"},"share_on_mastodon":{"url":"https:\/\/pubeurope.com\/@fr\/115166679085296813","error":""},"_links":{"self":[{"href":"https:\/\/www.europesays.com\/fr\/wp-json\/wp\/v2\/posts\/374383","targetHints":{"allow":["GET"]}}],"collection":[{"href":"https:\/\/www.europesays.com\/fr\/wp-json\/wp\/v2\/posts"}],"about":[{"href":"https:\/\/www.europesays.com\/fr\/wp-json\/wp\/v2\/types\/post"}],"author":[{"embeddable":true,"href":"https:\/\/www.europesays.com\/fr\/wp-json\/wp\/v2\/users\/2"}],"replies":[{"embeddable":true,"href":"https:\/\/www.europesays.com\/fr\/wp-json\/wp\/v2\/comments?post=374383"}],"version-history":[{"count":0,"href":"https:\/\/www.europesays.com\/fr\/wp-json\/wp\/v2\/posts\/374383\/revisions"}],"wp:featuredmedia":[{"embeddable":true,"href":"https:\/\/www.europesays.com\/fr\/wp-json\/wp\/v2\/media\/374384"}],"wp:attachment":[{"href":"https:\/\/www.europesays.com\/fr\/wp-json\/wp\/v2\/media?parent=374383"}],"wp:term":[{"taxonomy":"category","embeddable":true,"href":"https:\/\/www.europesays.com\/fr\/wp-json\/wp\/v2\/categories?post=374383"},{"taxonomy":"post_tag","embeddable":true,"href":"https:\/\/www.europesays.com\/fr\/wp-json\/wp\/v2\/tags?post=374383"}],"curies":[{"name":"wp","href":"https:\/\/api.w.org\/{rel}","templated":true}]}}