{"id":374385,"date":"2025-09-08T04:02:41","date_gmt":"2025-09-08T04:02:41","guid":{"rendered":"https:\/\/www.europesays.com\/fr\/374385\/"},"modified":"2025-09-08T04:02:41","modified_gmt":"2025-09-08T04:02:41","slug":"le-debrief-a-chaud-de-bordeaux-saumur-2-1-2","status":"publish","type":"post","link":"https:\/\/www.europesays.com\/fr\/374385\/","title":{"rendered":"Le D\u00e9brief \u00e0 Chaud de Bordeaux-Saumur (2-1)"},"content":{"rendered":"<p>\n    06\/09 &#8211; 21:41 | Par la r\u00e9daction | Il y a<br \/>\n    1 jour\n  <\/p>\n<p><strong>Suivez le D\u00e9brief \u00e0 Chaud en direct du match entre les Girondins de Bordeaux et l&rsquo;Oympique Saumur,  4e journ\u00e9e de N2, avec Nicolas Pietrelli de WebGirondins, Fr\u00e9d\u00e9ric Si\u00e8ze, Guillaume, Patrick, et la participation de Laurent Crocis de L&rsquo;\u00c9quipe. Saison 2025-2026, poule A.<\/strong><\/p>\n<p>    <a href=\"https:\/\/www.webgirondins.com\/actualites-categorie-webgirondins-tv-12\" target=\"_blank\" rel=\"noopener\">#WebGirondins TV<\/a><br \/>\n    <a href=\"https:\/\/www.webgirondins.com\/actualites-categorie-le-debrief-88\" target=\"_blank\" rel=\"noopener\">#Le D\u00e9brief<\/a><\/p>\n<p>  COMMENTAIRES<br \/>\n  ()<\/p>\n","protected":false},"excerpt":{"rendered":"06\/09 &#8211; 21:41 | Par la r\u00e9daction | Il y a 1 jour Suivez le D\u00e9brief \u00e0 Chaud&hellip;\n","protected":false},"author":2,"featured_media":323589,"comment_status":"","ping_status":"","sticky":false,"template":"","format":"standard","meta":{"footnotes":""},"categories":[2817],"tags":[1111,11,3396,1997,6100,12111,814,2834,1777,674,1011,27,14143,1987,14721,3465,955,12,3957,2219,50577,12012,17676,25,3470,16527,5237,5238],"class_list":{"0":"post-374385","1":"post","2":"type-post","3":"status-publish","4":"format-standard","5":"has-post-thumbnail","7":"category-bordeaux","8":"tag-actu","9":"tag-actualites","10":"tag-avec","11":"tag-bordeaux","12":"tag-chaud","13":"tag-debrief","14":"tag-direct","15":"tag-entre","16":"tag-eu","17":"tag-europe","18":"tag-fr","19":"tag-france","20":"tag-frederic","21":"tag-girondins","22":"tag-guillaume","23":"tag-journee","24":"tag-match","25":"tag-news","26":"tag-nicolas","27":"tag-nouvelle-aquitaine","28":"tag-oympique","29":"tag-patrick","30":"tag-pietrelli","31":"tag-republique-francaise","32":"tag-saumur","33":"tag-sieze","34":"tag-suivez","35":"tag-webgirondins"},"share_on_mastodon":{"url":"https:\/\/pubeurope.com\/@fr\/115166690939971010","error":""},"_links":{"self":[{"href":"https:\/\/www.europesays.com\/fr\/wp-json\/wp\/v2\/posts\/374385","targetHints":{"allow":["GET"]}}],"collection":[{"href":"https:\/\/www.europesays.com\/fr\/wp-json\/wp\/v2\/posts"}],"about":[{"href":"https:\/\/www.europesays.com\/fr\/wp-json\/wp\/v2\/types\/post"}],"author":[{"embeddable":true,"href":"https:\/\/www.europesays.com\/fr\/wp-json\/wp\/v2\/users\/2"}],"replies":[{"embeddable":true,"href":"https:\/\/www.europesays.com\/fr\/wp-json\/wp\/v2\/comments?post=374385"}],"version-history":[{"count":0,"href":"https:\/\/www.europesays.com\/fr\/wp-json\/wp\/v2\/posts\/374385\/revisions"}],"wp:featuredmedia":[{"embeddable":true,"href":"https:\/\/www.europesays.com\/fr\/wp-json\/wp\/v2\/media\/323589"}],"wp:attachment":[{"href":"https:\/\/www.europesays.com\/fr\/wp-json\/wp\/v2\/media?parent=374385"}],"wp:term":[{"taxonomy":"category","embeddable":true,"href":"https:\/\/www.europesays.com\/fr\/wp-json\/wp\/v2\/categories?post=374385"},{"taxonomy":"post_tag","embeddable":true,"href":"https:\/\/www.europesays.com\/fr\/wp-json\/wp\/v2\/tags?post=374385"}],"curies":[{"name":"wp","href":"https:\/\/api.w.org\/{rel}","templated":true}]}}