{"id":374386,"date":"2025-09-08T04:03:18","date_gmt":"2025-09-08T04:03:18","guid":{"rendered":"https:\/\/www.europesays.com\/fr\/374386\/"},"modified":"2025-09-08T04:03:18","modified_gmt":"2025-09-08T04:03:18","slug":"les-previsions-de-meteo-france-pour-toulouse-et-loccitanie","status":"publish","type":"post","link":"https:\/\/www.europesays.com\/fr\/374386\/","title":{"rendered":"les pr\u00e9visions de M\u00e9t\u00e9o France pour Toulouse et l&rsquo;Occitanie"},"content":{"rendered":"<p>            Par<br \/>\n        <strong><br \/>\n            <a href=\"https:\/\/actu.fr\/auteur\/david-saint-sernin\" title=\"Consulter tous les articles de David Saint-Sernin\" target=\"_blank\" rel=\"noopener\">David Saint-Sernin<\/a><br \/>\n        <\/strong><\/p>\n<p>        Publi\u00e9 le<\/p>\n<p>            8 sept. 2025 \u00e0 5h12        <\/p>\n<p>Un lundi pluvieux. C\u2019est ce qui attend <a href=\"https:\/\/actu.fr\/toulouse\/\" target=\"_blank\" rel=\"noopener\">Toulouse<\/a> et une bonne partie de l\u2019Occitanie ce lundi 8\u00a0septembre 2025.<\/p>\n<p>Nuages, pluie, et douceur le matin<\/p>\n<p class=\" wall-content\">Apr\u00e8s une soir\u00e9e de dimanche <a href=\"https:\/\/actu.fr\/occitanie\/toulouse_31555\/un-risque-d-orages-pour-l-occitanie-avec-forte-grele-et-pluies-soutenues-voici-les-departements-concernes_63126147.html\" target=\"_blank\" rel=\"noopener\">qui devait \u00eatre orageuse<\/a>, le ciel sera nuageux ce matin sur la Ville rose.<\/p>\n<p class=\" wall-content\">Les <strong>orages<\/strong> de la nuit continueront \u00e0 s\u2019\u00e9vacuer par l\u2019Aveyron. \u00c0 l\u2019arri\u00e8re, la m\u00e9t\u00e9o oscillera entre un ciel nuageux et des averses. Les temp\u00e9ratures seront douces\u2009!<\/p>\n<p>    <img   decoding=\"async\" loading=\"lazy\" src=\"https:\/\/www.europesays.com\/fr\/wp-content\/uploads\/2025\/09\/capture-decran-2025-09-07-165126-960x640.png\" alt=\"La m\u00e9t\u00e9o de votre lundi matin \u00e0 Toulouse et en Occitanie.\" width=\"960\" height=\"640\"\/><br \/>\n    La m\u00e9t\u00e9o de votre lundi matin \u00e0 Toulouse et en Occitanie. (\u00a9M\u00e9t\u00e9o France)On perdra quasiment 10\u00b0 l\u2019apr\u00e8s-midi<\/p>\n<p class=\" wall-content\">L\u2019apr\u00e8s-midi, toujours sous un ciel nuageux ou pluvieux, les temp\u00e9ratures baisseront de quasiment 10\u00b0 par rapport \u00e0 dimanche. Il fera 23\u00b0 \u00e0 Toulouse et seulement 18\u00b0, sous la pluie, \u00e0 Saint-Gaudens.<\/p>\n<p>    <img   decoding=\"async\" loading=\"lazy\" src=\"https:\/\/www.europesays.com\/fr\/wp-content\/uploads\/2025\/09\/capture-decran-2025-09-07-165134-960x640.png\" alt=\"La m\u00e9t\u00e9o de votre lundi apr\u00e8s-midi \u00e0 Toulouse et en Occitanie. \" width=\"960\" height=\"640\"\/><br \/>\n    La m\u00e9t\u00e9o de votre lundi apr\u00e8s-midi \u00e0 Toulouse et en Occitanie. (\u00a9M\u00e9t\u00e9o France)<\/p>\n<p class=\" wall-content\">Personnalisez votre actualit\u00e9 en ajoutant vos villes et m\u00e9dias en favori avec <a href=\"https:\/\/moncompte.actu.fr\" title=\"D\u00e9couvez Mon Actu\" rel=\"nofollow noopener\" data-trk=\"{&quot;cta&quot;:{&quot;action&quot;:&quot;https:\\\/\\\/moncompte.actu.fr&quot;,&quot;category&quot;:&quot;mon compte&quot;,&quot;from&quot;:&quot;article footer&quot;,&quot;name&quot;:&quot;Mon actu&quot;,&quot;type&quot;:&quot;cta&quot;}}\" target=\"_blank\">Mon Actu<\/a>.<\/p>\n","protected":false},"excerpt":{"rendered":"Par David Saint-Sernin Publi\u00e9 le 8 sept. 2025 \u00e0 5h12 Un lundi pluvieux. C\u2019est ce qui attend Toulouse&hellip;\n","protected":false},"author":2,"featured_media":374387,"comment_status":"","ping_status":"","sticky":false,"template":"","format":"standard","meta":{"footnotes":""},"categories":[2816],"tags":[1111,11,1777,674,1011,27,2487,2357,12,2680,25,2312],"class_list":{"0":"post-374386","1":"post","2":"type-post","3":"status-publish","4":"format-standard","5":"has-post-thumbnail","7":"category-toulouse","8":"tag-actu","9":"tag-actualites","10":"tag-eu","11":"tag-europe","12":"tag-fr","13":"tag-france","14":"tag-meteo","15":"tag-meteo-france","16":"tag-news","17":"tag-occitanie","18":"tag-republique-francaise","19":"tag-toulouse"},"share_on_mastodon":{"url":"https:\/\/pubeurope.com\/@fr\/115166694881356204","error":""},"_links":{"self":[{"href":"https:\/\/www.europesays.com\/fr\/wp-json\/wp\/v2\/posts\/374386","targetHints":{"allow":["GET"]}}],"collection":[{"href":"https:\/\/www.europesays.com\/fr\/wp-json\/wp\/v2\/posts"}],"about":[{"href":"https:\/\/www.europesays.com\/fr\/wp-json\/wp\/v2\/types\/post"}],"author":[{"embeddable":true,"href":"https:\/\/www.europesays.com\/fr\/wp-json\/wp\/v2\/users\/2"}],"replies":[{"embeddable":true,"href":"https:\/\/www.europesays.com\/fr\/wp-json\/wp\/v2\/comments?post=374386"}],"version-history":[{"count":0,"href":"https:\/\/www.europesays.com\/fr\/wp-json\/wp\/v2\/posts\/374386\/revisions"}],"wp:featuredmedia":[{"embeddable":true,"href":"https:\/\/www.europesays.com\/fr\/wp-json\/wp\/v2\/media\/374387"}],"wp:attachment":[{"href":"https:\/\/www.europesays.com\/fr\/wp-json\/wp\/v2\/media?parent=374386"}],"wp:term":[{"taxonomy":"category","embeddable":true,"href":"https:\/\/www.europesays.com\/fr\/wp-json\/wp\/v2\/categories?post=374386"},{"taxonomy":"post_tag","embeddable":true,"href":"https:\/\/www.europesays.com\/fr\/wp-json\/wp\/v2\/tags?post=374386"}],"curies":[{"name":"wp","href":"https:\/\/api.w.org\/{rel}","templated":true}]}}