{"id":374392,"date":"2025-09-08T04:06:40","date_gmt":"2025-09-08T04:06:40","guid":{"rendered":"https:\/\/www.europesays.com\/fr\/374392\/"},"modified":"2025-09-08T04:06:40","modified_gmt":"2025-09-08T04:06:40","slug":"braderie-de-lille-se-meubler-a-prix-casse-journal-de-20-heures-3","status":"publish","type":"post","link":"https:\/\/www.europesays.com\/fr\/374392\/","title":{"rendered":"Braderie de Lille : se meubler \u00e0 prix cass\u00e9 &#8211; Journal de 20 heures"},"content":{"rendered":"<p id=\"descriptionPanel\" class=\"text-secondary mr-2 line-clamp-2 pr-2.5 overflow-visible\">Tout le week-end, les trottoirs de la m\u00e9tropole lilloise seront le lieu de rendez-vous des chineurs. Toutes les opportunit\u00e9s sont pr\u00e9sentes \u00e0 la braderie de Lille. \u00c0 l&rsquo;approche de la rentr\u00e9e, des \u00e9tudiants avaient pour objectif de d\u00e9corer leur nouvel appartement pour moins de 50 euros. Mais trouver le bon objet au bon prix n&rsquo;est pas si facile avec un petit budget. \u00c0 Lille, il faut \u00eatre patient et aimer marcher, 52 kilom\u00e8tres d&rsquo;\u00e9tals et 5 200 bradeurs pour faire de bonnes affaires.  <\/p>\n<p>TF1 | Reportage S. HEMBERT, G. DELOBETTE<\/p>\n<p>Afficher la version longue du r\u00e9sum\u00e9<a class=\"shrink-0\" href=\"https:\/\/www.tf1.fr\/fr-tn\/tf1\/jt-20h\" target=\"_blank\" rel=\"noopener\"><img decoding=\"async\" src=\"https:\/\/www.europesays.com\/fr\/wp-content\/uploads\/2025\/07\/flux-program-card-portrait-1-jt20h-btcb-f6f521-de0119-4109ab-0@1x.jpg\" width=\"138\" height=\"184\" alt=\"\" loading=\"eager\" fetchpriority=\"auto\" class=\"rounded-3px aspect-[3\/4] h-24 w-auto\" aria-hidden=\"true\"\/><\/a><\/p>\n","protected":false},"excerpt":{"rendered":"Tout le week-end, les trottoirs de la m\u00e9tropole lilloise seront le lieu de rendez-vous des chineurs. Toutes les&hellip;\n","protected":false},"author":2,"featured_media":371427,"comment_status":"","ping_status":"","sticky":false,"template":"","format":"standard","meta":{"footnotes":""},"categories":[2815],"tags":[1111,11,1777,674,3483,3697,41323,41321,1011,27,811,3699,3698,41324,41329,41333,41322,41330,41334,41327,41326,1307,12,25,41331,41332,3701,41328,3700,41325],"class_list":{"0":"post-374392","1":"post","2":"type-post","3":"status-publish","4":"format-standard","5":"has-post-thumbnail","7":"category-lille","8":"tag-actu","9":"tag-actualites","10":"tag-eu","11":"tag-europe","12":"tag-extrait","13":"tag-extrait-journal-de-20-heures","14":"tag-extrait-journal-de-20-heures-tf1","15":"tag-extrait-tf1","16":"tag-fr","17":"tag-france","18":"tag-hauts-de-france","19":"tag-journal-de-20-heures","20":"tag-journal-de-20-heures-extrait","21":"tag-journal-de-20-heures-extrait-tf1","22":"tag-journal-de-20-heures-streaming","23":"tag-journal-de-20-heures-streaming-gratuit","24":"tag-journal-de-20-heures-tf1","25":"tag-journal-de-20-heures-tf1-streaming","26":"tag-journal-de-20-heures-tf1-streaming-gratuit","27":"tag-journal-de-20-heures-tf1-video","28":"tag-journal-de-20-heures-video","29":"tag-lille","30":"tag-news","31":"tag-republique-francaise","32":"tag-streaming-gratuit-journal-de-20-heures","33":"tag-streaming-gratuit-journal-de-20-heures-tf1","34":"tag-streaming-journal-de-20-heures","35":"tag-streaming-journal-de-20-heures-tf1","36":"tag-video-journal-de-20-heures","37":"tag-video-journal-de-20-heures-tf1"},"share_on_mastodon":{"url":"","error":"Validation failed: Text character limit of 500 exceeded"},"_links":{"self":[{"href":"https:\/\/www.europesays.com\/fr\/wp-json\/wp\/v2\/posts\/374392","targetHints":{"allow":["GET"]}}],"collection":[{"href":"https:\/\/www.europesays.com\/fr\/wp-json\/wp\/v2\/posts"}],"about":[{"href":"https:\/\/www.europesays.com\/fr\/wp-json\/wp\/v2\/types\/post"}],"author":[{"embeddable":true,"href":"https:\/\/www.europesays.com\/fr\/wp-json\/wp\/v2\/users\/2"}],"replies":[{"embeddable":true,"href":"https:\/\/www.europesays.com\/fr\/wp-json\/wp\/v2\/comments?post=374392"}],"version-history":[{"count":0,"href":"https:\/\/www.europesays.com\/fr\/wp-json\/wp\/v2\/posts\/374392\/revisions"}],"wp:featuredmedia":[{"embeddable":true,"href":"https:\/\/www.europesays.com\/fr\/wp-json\/wp\/v2\/media\/371427"}],"wp:attachment":[{"href":"https:\/\/www.europesays.com\/fr\/wp-json\/wp\/v2\/media?parent=374392"}],"wp:term":[{"taxonomy":"category","embeddable":true,"href":"https:\/\/www.europesays.com\/fr\/wp-json\/wp\/v2\/categories?post=374392"},{"taxonomy":"post_tag","embeddable":true,"href":"https:\/\/www.europesays.com\/fr\/wp-json\/wp\/v2\/tags?post=374392"}],"curies":[{"name":"wp","href":"https:\/\/api.w.org\/{rel}","templated":true}]}}