{"id":374393,"date":"2025-09-08T04:07:10","date_gmt":"2025-09-08T04:07:10","guid":{"rendered":"https:\/\/www.europesays.com\/fr\/374393\/"},"modified":"2025-09-08T04:07:10","modified_gmt":"2025-09-08T04:07:10","slug":"un-ancien-cadre-des-bibliotheques-de-marseille-poursuivi-pour-harcelement-moral","status":"publish","type":"post","link":"https:\/\/www.europesays.com\/fr\/374393\/","title":{"rendered":"Un ancien cadre des biblioth\u00e8ques de Marseille poursuivi pour harc\u00e8lement moral"},"content":{"rendered":"<p>Ce mercredi 10 septembre, Patrick Casse, ancien directeur de l&rsquo;Alcazar et tout-puissant d\u00e9l\u00e9gu\u00e9 FO, est appel\u00e9 \u00e0 compara\u00eetre devant le tribunal correctionnel de Marseille pour des faits pr\u00e9sum\u00e9s de harc\u00e8lement moral. Plusieurs dizaines d&rsquo;agents de la Ville pourraient se porter partie civile lors de l&rsquo;audience d\u00e9finitive.<\/p>\n<p>    Longtemps, son nom \u00e9tait tu, ou prononc\u00e9 \u00e0 mi-voix, par celles et ceux qui le c\u00f4toyaient dans les couloirs de l\u2019Alcazar. Son patronyme \u00e9tait synonyme de terreur et certains protagonistes ont, des d\u00e9cennies plus tard, du mal \u00e0 \u00e9voquer sans \u00e9motion la souffrance au travail qu\u2019ils et elles ont subie. Cette r\u00e9putation \u00e9tablie depuis plusieurs d\u00e9cennies contraste avec la silhouette tout en rondeur et le verbe chantant de Patrick Casse, discoth\u00e9caire de m\u00e9tier. Ce mercredi 10 septembre, l\u2019ancien conservateur, pouss\u00e9 vers la retraite en 2022, est convoqu\u00e9 devant le tribunal judiciaire de Marseille. Il est poursuivi pour des faits pr\u00e9sum\u00e9s de harc\u00e8lement moral \u00e0 l\u2019encontre de Pierre Chagny, ancien directeur des biblioth\u00e8ques de 2019 \u00e0 2023. Ces poursuites, &#8230; <\/p>\n<p>Vous voulez lire<br \/>\n\t\t\t                la suite\u00a0?\n\t\t\t            <\/p>\n<p>\n\t\t\t                Abonnez-vous \u00e0 Marsactu\n\t\t\t            <\/p>\n","protected":false},"excerpt":{"rendered":"Ce mercredi 10 septembre, Patrick Casse, ancien directeur de l&rsquo;Alcazar et tout-puissant d\u00e9l\u00e9gu\u00e9 FO, est appel\u00e9 \u00e0 compara\u00eetre&hellip;\n","protected":false},"author":2,"featured_media":374394,"comment_status":"","ping_status":"","sticky":false,"template":"","format":"standard","meta":{"footnotes":""},"categories":[2814],"tags":[1111,11,50846,7702,1777,674,26238,1011,27,884,12,50847,50848,882,25,4772],"class_list":{"0":"post-374393","1":"post","2":"type-post","3":"status-publish","4":"format-standard","5":"has-post-thumbnail","7":"category-marseille","8":"tag-actu","9":"tag-actualites","10":"tag-alcazar","11":"tag-bibliotheque","12":"tag-eu","13":"tag-europe","14":"tag-forceouvriere","15":"tag-fr","16":"tag-france","17":"tag-marseille","18":"tag-news","19":"tag-patrickcasse","20":"tag-pierrechagny","21":"tag-provence-alpes-cote-dazur","22":"tag-republique-francaise","23":"tag-zalu"},"share_on_mastodon":{"url":"https:\/\/pubeurope.com\/@fr\/115166710714847704","error":""},"_links":{"self":[{"href":"https:\/\/www.europesays.com\/fr\/wp-json\/wp\/v2\/posts\/374393","targetHints":{"allow":["GET"]}}],"collection":[{"href":"https:\/\/www.europesays.com\/fr\/wp-json\/wp\/v2\/posts"}],"about":[{"href":"https:\/\/www.europesays.com\/fr\/wp-json\/wp\/v2\/types\/post"}],"author":[{"embeddable":true,"href":"https:\/\/www.europesays.com\/fr\/wp-json\/wp\/v2\/users\/2"}],"replies":[{"embeddable":true,"href":"https:\/\/www.europesays.com\/fr\/wp-json\/wp\/v2\/comments?post=374393"}],"version-history":[{"count":0,"href":"https:\/\/www.europesays.com\/fr\/wp-json\/wp\/v2\/posts\/374393\/revisions"}],"wp:featuredmedia":[{"embeddable":true,"href":"https:\/\/www.europesays.com\/fr\/wp-json\/wp\/v2\/media\/374394"}],"wp:attachment":[{"href":"https:\/\/www.europesays.com\/fr\/wp-json\/wp\/v2\/media?parent=374393"}],"wp:term":[{"taxonomy":"category","embeddable":true,"href":"https:\/\/www.europesays.com\/fr\/wp-json\/wp\/v2\/categories?post=374393"},{"taxonomy":"post_tag","embeddable":true,"href":"https:\/\/www.europesays.com\/fr\/wp-json\/wp\/v2\/tags?post=374393"}],"curies":[{"name":"wp","href":"https:\/\/api.w.org\/{rel}","templated":true}]}}