{"id":374395,"date":"2025-09-08T04:08:10","date_gmt":"2025-09-08T04:08:10","guid":{"rendered":"https:\/\/www.europesays.com\/fr\/374395\/"},"modified":"2025-09-08T04:08:10","modified_gmt":"2025-09-08T04:08:10","slug":"marseille-cet-acces-dautoroute-fermee-plusieurs-mois-un-mur-risque-de-seffondrer","status":"publish","type":"post","link":"https:\/\/www.europesays.com\/fr\/374395\/","title":{"rendered":"Marseille. Cet acc\u00e8s d&rsquo;autoroute ferm\u00e9e plusieurs mois, un mur risque de s&rsquo;effondrer"},"content":{"rendered":"<p>            Par<br \/>\n        <strong><br \/>\n            <a href=\"https:\/\/actu.fr\/auteur\/thibault-nadal-actu-fr\" title=\"Consulter tous les articles de Thibault Nadal\" target=\"_blank\" rel=\"noopener\">Thibault Nadal<\/a><br \/>\n        <\/strong><\/p>\n<p>        Publi\u00e9 le<\/p>\n<p>            8 sept. 2025 \u00e0 5h48        <\/p>\n<p>Attention \u00e0 vos d\u00e9placements d\u00e8s ce 8\u00a0septembre 2025. Les <a href=\"https:\/\/actu.fr\/tag\/automobile\" target=\"_blank\" rel=\"noopener\">automobilistes<\/a> reliant <a href=\"https:\/\/actu.fr\/provence-alpes-cote-d-azur\/martigues_13056\" target=\"_blank\" rel=\"noopener\">Martigues<\/a> (<a href=\"https:\/\/actu.fr\/provence-alpes-cote-d-azur\/bouches-du-rhone_13\" target=\"_blank\" rel=\"noopener\">Bouches-du-Rh\u00f4ne<\/a>) \u00e0 <a href=\"https:\/\/actu.fr\/marseille\/\" target=\"_blank\" rel=\"noopener\">Marseille<\/a> vont devoir bouleverser leurs habitudes.<\/p>\n<p class=\" wall-content\">Il ne sera en effet plus possible d\u2019emprunter \u00ab<strong>\u2009la bretelle d\u2019acc\u00e8s n\u00b02 de l\u2019\u00e9changeur 11<\/strong> de <a href=\"https:\/\/actu.fr\/tag\/autoroute-55-a55\" target=\"_blank\" rel=\"noopener\">l\u2019autoroute A55<\/a>\u2009\u00bb durant de longs mois, indique la Direction interd\u00e9partementale des routes M\u00e9diterran\u00e9e (Dirmed) dans un communiqu\u00e9.<\/p>\n<p>    <a href=\"https:\/\/www.google.com\/maps\/embed?pb=!1m14!1m12!1m3!1d8686.620657454509!2d5.0913366751061435!3d43.40186075355829!2m3!1f0!2f0!3f0!3m2!1i1024!2i768!4f13.1!5e0!3m2!1sfr!2sfr!4v1757000844568!5m2!1sfr!2sfr\" title=\"Ouvrie le lien\" target=\"_blank\" rel=\"noopener\">Cliquez ici pour visualiser le contenu<\/a><\/p>\n<p class=\" wall-content\">Voici pourquoi.<\/p>\n<p>\u00ab\u2009Cette corrosion peut entra\u00eener une chute de pierres\u2009\u00bb<\/p>\n<p class=\" wall-content\">En effet, un chantier d\u2019ampleur va \u00eatre lanc\u00e9 \u00e0 cet endroit. \u00ab\u2009L\u2019op\u00e9ration consiste en <strong>la destruction de murs gabions existants<\/strong> [murs grillag\u00e9s remplis de blocs de pierre] soutenant le talus de la route, le long de la bretelle d\u2019acc\u00e8s n\u00b02 et leur remplacement par des murs de sout\u00e8nement en b\u00e9ton\u2009\u00bb, d\u00e9taille la Dirmed.<\/p>\n<p class=\" wall-content\">Ces travaux sont jug\u00e9s \u00ab\u2009n\u00e9cessaires\u2009\u00bb par les autorit\u00e9s, \u00ab\u2009du fait <strong>de la corrosion constat\u00e9e<\/strong> sur les maillages des murs gabions\u2009\u00bb. Elle \u00ab\u2009peut <strong>entra\u00eener une chute de pierres<\/strong>, une d\u00e9stabilisation du talus bordant l\u2019A55 et nuire \u00e0 la s\u00e9curit\u00e9 des usagers\u2009\u00bb, poursuit la Direction interd\u00e9partementale des routes M\u00e9diterran\u00e9e.<\/p>\n<p>    <a href=\"https:\/\/www.facebook.com\/plugins\/post.php?href=https%3A%2F%2Fwww.facebook.com%2FPrefet13%2Fposts%2Fpfbid0gPttHM3ZAL8RtX7dHyLpnra9WS5majGhJH2Cxq7ZevnYUmqLpvNsuPdv7mPTXjNl&amp;show_text=true&amp;width=350\" title=\"Ouvrie le lien\" target=\"_blank\" rel=\"noopener\">Cliquez ici pour visualiser le contenu<\/a><\/p>\n<p>Votre r\u00e9gion, votre actu !<\/p>\n<p>Recevez chaque jour les infos qui comptent pour vous.<\/p>\n<p>\t<a href=\"https:\/\/actu.fr\/newsletter\" class=\"ac-btn ac-btn--corner ac-btn--medium ac-btn--blue800\" target=\"_blank\" rel=\"noopener\">S&rsquo;incrire<\/a><br \/>\nUn itin\u00e9raire de substitution<\/p>\n<p class=\" wall-content\">Pour permettre la bonne r\u00e9alisation des travaux, la bretelle d\u2019autoroute va faire \u00ab\u2009l\u2019objet d\u2019une fermeture <strong>de jour comme de nuit<\/strong>\u2009\u00bb.<\/p>\n<p class=\" wall-content\">Ils commencent d\u00e8s ce lundi 9h et <strong>prendront fin le 31\u00a0d\u00e9cembre 2025 \u00e0 18\u00a0heures<\/strong>.<\/p>\n<p class=\" wall-content\">Une d\u00e9viation a \u00e9t\u00e9 mise en place \u00ab\u2009\u00e0 partir du Giratoire du Souvenir Fran\u00e7ais, par l\u2019Avenue Charles de\u00a0Gaulle, puis par l\u2019ancienne route de Marseille, puis par l\u2019Avenue Mirabeau\u2009\u00bb. L\u2019A55 pourra, elle, \u00eatre r\u00e9cup\u00e9r\u00e9e \u00ab\u2009par la bretelle n\u00b04 de l\u2019\u00e9changeur n\u00b010\u2009\u00bb.<\/p>\n<p class=\" wall-content\">Personnalisez votre actualit\u00e9 en ajoutant vos villes et m\u00e9dias en favori avec <a href=\"https:\/\/moncompte.actu.fr\" title=\"D\u00e9couvez Mon Actu\" rel=\"nofollow noopener\" data-trk=\"{&quot;cta&quot;:{&quot;action&quot;:&quot;https:\\\/\\\/moncompte.actu.fr&quot;,&quot;category&quot;:&quot;mon compte&quot;,&quot;from&quot;:&quot;article footer&quot;,&quot;name&quot;:&quot;Mon actu&quot;,&quot;type&quot;:&quot;cta&quot;}}\" target=\"_blank\">Mon Actu<\/a>.<\/p>\n","protected":false},"excerpt":{"rendered":"Par Thibault Nadal Publi\u00e9 le 8 sept. 2025 \u00e0 5h48 Attention \u00e0 vos d\u00e9placements d\u00e8s ce 8\u00a0septembre 2025.&hellip;\n","protected":false},"author":2,"featured_media":374396,"comment_status":"","ping_status":"","sticky":false,"template":"","format":"standard","meta":{"footnotes":""},"categories":[2814],"tags":[1111,11,50849,1777,674,1011,27,884,12,882,25,104,2086],"class_list":{"0":"post-374395","1":"post","2":"type-post","3":"status-publish","4":"format-standard","5":"has-post-thumbnail","7":"category-marseille","8":"tag-actu","9":"tag-actualites","10":"tag-autoroute-55-a55","11":"tag-eu","12":"tag-europe","13":"tag-fr","14":"tag-france","15":"tag-marseille","16":"tag-news","17":"tag-provence-alpes-cote-dazur","18":"tag-republique-francaise","19":"tag-societe","20":"tag-travaux"},"share_on_mastodon":{"url":"https:\/\/pubeurope.com\/@fr\/115166714614011200","error":""},"_links":{"self":[{"href":"https:\/\/www.europesays.com\/fr\/wp-json\/wp\/v2\/posts\/374395","targetHints":{"allow":["GET"]}}],"collection":[{"href":"https:\/\/www.europesays.com\/fr\/wp-json\/wp\/v2\/posts"}],"about":[{"href":"https:\/\/www.europesays.com\/fr\/wp-json\/wp\/v2\/types\/post"}],"author":[{"embeddable":true,"href":"https:\/\/www.europesays.com\/fr\/wp-json\/wp\/v2\/users\/2"}],"replies":[{"embeddable":true,"href":"https:\/\/www.europesays.com\/fr\/wp-json\/wp\/v2\/comments?post=374395"}],"version-history":[{"count":0,"href":"https:\/\/www.europesays.com\/fr\/wp-json\/wp\/v2\/posts\/374395\/revisions"}],"wp:featuredmedia":[{"embeddable":true,"href":"https:\/\/www.europesays.com\/fr\/wp-json\/wp\/v2\/media\/374396"}],"wp:attachment":[{"href":"https:\/\/www.europesays.com\/fr\/wp-json\/wp\/v2\/media?parent=374395"}],"wp:term":[{"taxonomy":"category","embeddable":true,"href":"https:\/\/www.europesays.com\/fr\/wp-json\/wp\/v2\/categories?post=374395"},{"taxonomy":"post_tag","embeddable":true,"href":"https:\/\/www.europesays.com\/fr\/wp-json\/wp\/v2\/tags?post=374395"}],"curies":[{"name":"wp","href":"https:\/\/api.w.org\/{rel}","templated":true}]}}